{"id":982,"date":"2015-08-28T22:56:19","date_gmt":"2015-08-28T19:56:19","guid":{"rendered":"http:\/\/www.esbike.org\/?p=982"},"modified":"2015-08-28T22:56:19","modified_gmt":"2015-08-28T19:56:19","slug":"28-08-2015-artvin-ardesen-dag-bisikleti-yarisi","status":"publish","type":"post","link":"http:\/\/www.esbike.org\/index.php\/2015\/08\/28\/28-08-2015-artvin-ardesen-dag-bisikleti-yarisi\/","title":{"rendered":"28.08.2015 Artvin Arde\u015fen Da\u011f Bisikleti Yar\u0131\u015f\u0131"},"content":{"rendered":"<p><span style=\"font-size: 14px;\"><strong>28.08.2015 Artvin Arde\u015fen Da\u011f Bisikleti Yar\u0131\u015f\u0131<\/strong><\/span><\/p>\n<p><img loading=\"lazy\" decoding=\"async\" class=\"aligncenter size-full wp-image-983\" src=\"http:\/\/www.esbike.org\/wp-content\/uploads\/2018\/04\/DSC0219.jpg\" alt=\"\" width=\"640\" height=\"458\" \/> <img loading=\"lazy\" decoding=\"async\" class=\"aligncenter size-large wp-image-984\" src=\"http:\/\/www.esbike.org\/wp-content\/uploads\/2018\/04\/DSC0246.jpg\" alt=\"\" width=\"640\" height=\"458\" \/> <img loading=\"lazy\" decoding=\"async\" class=\"aligncenter size-large wp-image-985\" src=\"http:\/\/www.esbike.org\/wp-content\/uploads\/2018\/04\/DSC0301.jpg\" alt=\"\" width=\"640\" height=\"963\" \/> <img loading=\"lazy\" decoding=\"async\" class=\"aligncenter size-large wp-image-986\" src=\"http:\/\/www.esbike.org\/wp-content\/uploads\/2018\/04\/DSC0433.jpg\" alt=\"\" width=\"640\" height=\"458\" \/> <img loading=\"lazy\" decoding=\"async\" class=\"aligncenter size-large wp-image-987\" src=\"http:\/\/www.esbike.org\/wp-content\/uploads\/2018\/04\/DSC0449.jpg\" alt=\"\" width=\"640\" height=\"458\" \/> <img loading=\"lazy\" decoding=\"async\" class=\"aligncenter size-large wp-image-988\" src=\"http:\/\/www.esbike.org\/wp-content\/uploads\/2018\/04\/DSC0849.jpg\" alt=\"\" width=\"640\" height=\"458\" \/> <img loading=\"lazy\" decoding=\"async\" class=\"aligncenter size-large wp-image-989\" src=\"http:\/\/www.esbike.org\/wp-content\/uploads\/2018\/04\/DSC0897.jpg\" alt=\"\" width=\"640\" height=\"963\" \/> <img loading=\"lazy\" decoding=\"async\" class=\"aligncenter size-large wp-image-990\" src=\"http:\/\/www.esbike.org\/wp-content\/uploads\/2018\/04\/11921688_10153596056194433_3346656691081798037_n-1.jpg\" alt=\"\" width=\"640\" height=\"507\" \/> <img loading=\"lazy\" decoding=\"async\" class=\"aligncenter size-large wp-image-991\" src=\"http:\/\/www.esbike.org\/wp-content\/uploads\/2018\/04\/20150825_112646.jpg\" alt=\"\" width=\"640\" height=\"507\" \/><\/p>\n<hr \/>\n","protected":false},"excerpt":{"rendered":"<p>28.08.2015 Artvin Arde\u015fen Da\u011f Bisikleti Yar\u0131\u015f\u0131<\/p>\n","protected":false},"author":1,"featured_media":0,"comment_status":"open","ping_status":"open","sticky":false,"template":"","format":"standard","meta":{"footnotes":""},"categories":[3,9],"tags":[],"class_list":["post-982","post","type-post","status-publish","format-standard","hentry","category-bisikletetkinlikleri","category-esbiketarihi"],"_links":{"self":[{"href":"http:\/\/www.esbike.org\/index.php\/wp-json\/wp\/v2\/posts\/982","targetHints":{"allow":["GET"]}}],"collection":[{"href":"http:\/\/www.esbike.org\/index.php\/wp-json\/wp\/v2\/posts"}],"about":[{"href":"http:\/\/www.esbike.org\/index.php\/wp-json\/wp\/v2\/types\/post"}],"author":[{"embeddable":true,"href":"http:\/\/www.esbike.org\/index.php\/wp-json\/wp\/v2\/users\/1"}],"replies":[{"embeddable":true,"href":"http:\/\/www.esbike.org\/index.php\/wp-json\/wp\/v2\/comments?post=982"}],"version-history":[{"count":0,"href":"http:\/\/www.esbike.org\/index.php\/wp-json\/wp\/v2\/posts\/982\/revisions"}],"wp:attachment":[{"href":"http:\/\/www.esbike.org\/index.php\/wp-json\/wp\/v2\/media?parent=982"}],"wp:term":[{"taxonomy":"category","embeddable":true,"href":"http:\/\/www.esbike.org\/index.php\/wp-json\/wp\/v2\/categories?post=982"},{"taxonomy":"post_tag","embeddable":true,"href":"http:\/\/www.esbike.org\/index.php\/wp-json\/wp\/v2\/tags?post=982"}],"curies":[{"name":"wp","href":"https:\/\/api.w.org\/{rel}","templated":true}]}}