{"id":958,"date":"2015-08-16T22:42:44","date_gmt":"2015-08-16T19:42:44","guid":{"rendered":"http:\/\/www.esbike.org\/?p=958"},"modified":"2015-08-16T22:42:44","modified_gmt":"2015-08-16T19:42:44","slug":"16-08-2015-karaburgu-dalis-etkinligi","status":"publish","type":"post","link":"http:\/\/www.esbike.org\/index.php\/2015\/08\/16\/16-08-2015-karaburgu-dalis-etkinligi\/","title":{"rendered":"16.08.2015 Karaburgu Dal\u0131\u015f Etkinli\u011fi"},"content":{"rendered":"<p style=\"text-align: center;\"><span style=\"font-size: 14px;\"><strong>16.08.2015 Karaburgu Dal\u0131\u015f Etkinli\u011fi<\/strong><\/span><\/p>\n<hr \/>\n<p style=\"text-align: center;\">\n<p style=\"text-align: center;\"><img decoding=\"async\" src=\"http:\/\/esbike.org\/images\/icerikphoto\/esbiketarihi\/2015\/16082015karaburgu\/output\/0.jpg\" \/><\/p>\n<p style=\"text-align: center;\"><img decoding=\"async\" src=\"http:\/\/esbike.org\/images\/icerikphoto\/esbiketarihi\/2015\/16082015karaburgu\/output\/GOPR4695.JPG\" \/><\/p>\n<p style=\"text-align: center;\"><img decoding=\"async\" src=\"http:\/\/esbike.org\/images\/icerikphoto\/esbiketarihi\/2015\/16082015karaburgu\/output\/GOPR4748.JPG\" \/><\/p>\n<p style=\"text-align: center;\"><img decoding=\"async\" src=\"http:\/\/esbike.org\/images\/icerikphoto\/esbiketarihi\/2015\/16082015karaburgu\/output\/_DSC0392.JPG\" \/><\/p>\n<p style=\"text-align: center;\"><img decoding=\"async\" src=\"http:\/\/esbike.org\/images\/icerikphoto\/esbiketarihi\/2015\/16082015karaburgu\/output\/p.jpg\" \/><\/p>\n","protected":false},"excerpt":{"rendered":"<p>16.08.2015 Karaburgu Dal\u0131\u015f Etkinli\u011fi<\/p>\n","protected":false},"author":1,"featured_media":0,"comment_status":"open","ping_status":"open","sticky":false,"template":"","format":"standard","meta":{"footnotes":""},"categories":[9],"tags":[],"class_list":["post-958","post","type-post","status-publish","format-standard","hentry","category-esbiketarihi"],"_links":{"self":[{"href":"http:\/\/www.esbike.org\/index.php\/wp-json\/wp\/v2\/posts\/958","targetHints":{"allow":["GET"]}}],"collection":[{"href":"http:\/\/www.esbike.org\/index.php\/wp-json\/wp\/v2\/posts"}],"about":[{"href":"http:\/\/www.esbike.org\/index.php\/wp-json\/wp\/v2\/types\/post"}],"author":[{"embeddable":true,"href":"http:\/\/www.esbike.org\/index.php\/wp-json\/wp\/v2\/users\/1"}],"replies":[{"embeddable":true,"href":"http:\/\/www.esbike.org\/index.php\/wp-json\/wp\/v2\/comments?post=958"}],"version-history":[{"count":0,"href":"http:\/\/www.esbike.org\/index.php\/wp-json\/wp\/v2\/posts\/958\/revisions"}],"wp:attachment":[{"href":"http:\/\/www.esbike.org\/index.php\/wp-json\/wp\/v2\/media?parent=958"}],"wp:term":[{"taxonomy":"category","embeddable":true,"href":"http:\/\/www.esbike.org\/index.php\/wp-json\/wp\/v2\/categories?post=958"},{"taxonomy":"post_tag","embeddable":true,"href":"http:\/\/www.esbike.org\/index.php\/wp-json\/wp\/v2\/tags?post=958"}],"curies":[{"name":"wp","href":"https:\/\/api.w.org\/{rel}","templated":true}]}}