{"id":94,"date":"2005-09-02T20:26:34","date_gmt":"2005-09-02T17:26:34","guid":{"rendered":"http:\/\/www.esbike.org\/?p=94"},"modified":"2005-09-02T20:26:34","modified_gmt":"2005-09-02T17:26:34","slug":"02-10-2005-yalova-denizcali-dag-bisikleti-kupasi","status":"publish","type":"post","link":"http:\/\/www.esbike.org\/index.php\/2005\/09\/02\/02-10-2005-yalova-denizcali-dag-bisikleti-kupasi\/","title":{"rendered":"02.10.2005 Yalova Deniz\u00e7al\u0131 Da\u011f Bisikleti Kupas\u0131"},"content":{"rendered":"<p style=\"text-align: center;\"><strong><span style=\"font-size: 14px;\">02.05.2005 Uluslararas\u0131 Yalova Deniz\u00e7al\u0131 Da\u011f Bisikleti Yar\u0131\u015f\u0131<\/span><\/strong><\/p>\n<hr \/>\n<p style=\"text-align: center;\">Uluslararas\u0131 Yalova Deniz\u00e7al\u0131 Da\u011f Bisikleti yar\u0131\u015f\u0131na kat\u0131lmak i\u00e7in yola \u00e7\u0131kt\u0131k.Bisikletlerimizi ve kamp e\u015fyalar\u0131m\u0131z\u0131 haz\u0131rlad\u0131k otob\u00fcse y\u00fckledik.<\/p>\n<p style=\"text-align: center;\"><img decoding=\"async\" src=\"http:\/\/esbike.org\/images\/icerikphoto\/esbiketarihi\/2005\/02.10.2005yalova\/output\/100_0020.JPG\" \/><\/p>\n<p style=\"text-align: center;\">Direk Yalova\u2019ya otob\u00fcs bulamad\u0131k Bursa otogar\u0131nda 2 saat bekledikten sonra Yalova otob\u00fcs\u00fcne aktarma yaparak yar\u0131\u015f alan\u0131na ula\u015ft\u0131k.<\/p>\n<p style=\"text-align: center;\"><img decoding=\"async\" src=\"http:\/\/esbike.org\/images\/icerikphoto\/esbiketarihi\/2005\/02.10.2005yalova\/output\/100_0043.JPG\" \/><\/p>\n<p style=\"text-align: center;\">Ana yol kenar\u0131nda indik ve Deniz\u00e7al\u0131ya rampay\u0131 t\u0131rmand\u0131k ve yar\u0131\u015f\u0131n yap\u0131laca\u011f\u0131 alana geldik.Hemen \u00e7ad\u0131rlar\u0131m\u0131z\u0131 kuraca\u011f\u0131m\u0131z yeri belirledik ve yerle\u015ftik.<\/p>\n<p style=\"text-align: center;\"><img decoding=\"async\" src=\"http:\/\/esbike.org\/images\/icerikphoto\/esbiketarihi\/2005\/02.10.2005yalova\/output\/100_0044.JPG\" \/><\/p>\n<p style=\"text-align: center;\">Ard\u0131ndan kay\u0131tlar\u0131m\u0131z\u0131 yapt\u0131k ve parkur tan\u0131maya ge\u00e7tik.Hava ya\u011fmurluydu ve heryer \u00e7amurdu bisikletlerimiz v fren oldu\u011fu i\u00e7in \u00e7amur biriktiriyordu.<\/p>\n<p style=\"text-align: center;\"><img decoding=\"async\" src=\"http:\/\/esbike.org\/images\/icerikphoto\/esbiketarihi\/2005\/02.10.2005yalova\/output\/100_0054.JPG\" \/><\/p>\n<p style=\"text-align: center;\"><img decoding=\"async\" src=\"http:\/\/esbike.org\/images\/icerikphoto\/esbiketarihi\/2005\/02.10.2005yalova\/output\/100_0093.JPG\" \/><\/p>\n<p style=\"text-align: center;\">Elimizde \u00e7omakla parkuru gezdik ertesi g\u00fcn yar\u0131\u015fta zorlu olaca\u011f\u0131 belliydi.Yar\u0131\u015f g\u00fcn\u00fc heycanla start ald\u0131k t\u00fcm sporcular \u00e7amur alanlara gelince bisikleti ellerine alarak ko\u015ftular \u00e7o\u011fu sporcu yar\u0131\u015f\u0131 b\u0131rakmak zorunda kald\u0131 \u00e7\u00fcnk\u00fc bisikletler 2kat a\u011f\u0131rla\u015fm\u0131\u015ft\u0131.<\/p>\n<p style=\"text-align: center;\"><img decoding=\"async\" src=\"http:\/\/esbike.org\/images\/icerikphoto\/esbiketarihi\/2005\/02.10.2005yalova\/output\/10020118.JPG\" \/><img decoding=\"async\" src=\"http:\/\/esbike.org\/images\/icerikphoto\/esbiketarihi\/2005\/02.10.2005yalova\/output\/101_0108.JPG\" \/><\/p>\n<p style=\"text-align: center;\">\n<p style=\"text-align: center;\">Kimileri yalakta bisikleti y\u0131kayarak devam ettiler kimileri frenleri iptal ederek devam etmeye \u00e7al\u0131\u015ft\u0131lar ama parkur \u00e7ok a\u011f\u0131rd\u0131.<\/p>\n<p style=\"text-align: center;\"><img decoding=\"async\" src=\"http:\/\/esbike.org\/images\/icerikphoto\/esbiketarihi\/2005\/02.10.2005yalova\/output\/101_0140.JPG\" \/><\/p>\n<p style=\"text-align: center;\"><img decoding=\"async\" src=\"http:\/\/esbike.org\/images\/icerikphoto\/esbiketarihi\/2005\/02.10.2005yalova\/output\/101_0148.JPG\" \/><\/p>\n<p style=\"text-align: center;\">Esbike ekibi olarak ekipman\u0131m\u0131z yar\u0131\u015fa uygun olmasada yar\u0131\u015f\u0131 b\u0131rakmad\u0131k ve dereceyle yar\u0131\u015f\u0131 tamamlad\u0131k.Eda birinci olarak yar\u0131\u015f\u0131 bitirdi bizi gururland\u0131rd\u0131.Di\u011fer sporcular\u0131m\u0131zda ilk 5 i\u00e7inde yerlerini ald\u0131lar.Yar\u0131\u015f\u0131n organizat\u00f6r\u00fc \u00dcnal Tolun ve sponsor Aksa yar\u0131\u015fmac\u0131larla \u00f6zel ilgileniyorlard\u0131 yemeklerimiz geldi konaklama i\u00e7in yerler ayarland\u0131 biz \u00e7ad\u0131rda rahat oldu\u011fumuz i\u00e7in \u00e7ad\u0131r\u0131 tercih ettik du\u015f imkan\u0131 bile sa\u011flam\u0131\u015flard\u0131.<\/p>\n<p style=\"text-align: center;\"><img decoding=\"async\" src=\"http:\/\/esbike.org\/images\/icerikphoto\/esbiketarihi\/2005\/02.10.2005yalova\/output\/101_0155.JPG\" \/><\/p>\n<p style=\"text-align: center;\">G\u00fcn\u00fcm\u00fczde Deniz\u00e7al\u0131da Bisiklet yar\u0131\u015f\u0131 yap\u0131lm\u0131yor \u00e7\u00fcnk\u00fc organizasyona destek verilmedi ve d\u00fc\u015f\u00fcnceler havada kald\u0131 yeni y\u00f6netimle birlikte yap\u0131l\u0131r ve eski g\u00fcnlerine d\u00f6ner diye da\u011f bisiklet\u00e7ileri olarak bekliyoruz.<\/p>\n<p style=\"text-align: center;\">\n<p style=\"text-align: center;\">\n<p style=\"text-align: center;\">\n<p style=\"text-align: center;\">\n<p style=\"text-align: center;\">\n<p style=\"text-align: center;\">\n<p style=\"text-align: center;\">\n<p style=\"text-align: center;\">\n<p style=\"text-align: center;\">\n<p>&nbsp;<\/p>\n","protected":false},"excerpt":{"rendered":"<p>02.05.2005 Uluslararas\u0131 Yalova Deniz\u00e7al\u0131 Da\u011f Bisikleti Yar\u0131\u015f\u0131 Uluslararas\u0131 Yalova Deniz\u00e7al\u0131 Da\u011f Bisikleti yar\u0131\u015f\u0131na kat\u0131lmak i\u00e7in yola \u00e7\u0131kt\u0131k.Bisikletlerimizi ve kamp e\u015fyalar\u0131m\u0131z\u0131 haz\u0131rlad\u0131k otob\u00fcse y\u00fckledik. Direk Yalova\u2019ya otob\u00fcs bulamad\u0131k Bursa otogar\u0131nda 2 saat bekledikten sonra Yalova otob\u00fcs\u00fcne aktarma yaparak yar\u0131\u015f alan\u0131na ula\u015ft\u0131k. Ana yol kenar\u0131nda indik ve Deniz\u00e7al\u0131ya rampay\u0131 t\u0131rmand\u0131k ve yar\u0131\u015f\u0131n yap\u0131laca\u011f\u0131 alana geldik.Hemen \u00e7ad\u0131rlar\u0131m\u0131z\u0131 kuraca\u011f\u0131m\u0131z yeri belirledik ve yerle\u015ftik. Ard\u0131ndan<\/p>\n","protected":false},"author":1,"featured_media":0,"comment_status":"open","ping_status":"open","sticky":false,"template":"","format":"standard","meta":{"footnotes":""},"categories":[9],"tags":[47,71,146,165,212,214],"class_list":["post-94","post","type-post","status-publish","format-standard","hentry","category-esbiketarihi","tag-bisiklet","tag-denizcali","tag-mtb","tag-race","tag-yalova","tag-yaris"],"_links":{"self":[{"href":"http:\/\/www.esbike.org\/index.php\/wp-json\/wp\/v2\/posts\/94","targetHints":{"allow":["GET"]}}],"collection":[{"href":"http:\/\/www.esbike.org\/index.php\/wp-json\/wp\/v2\/posts"}],"about":[{"href":"http:\/\/www.esbike.org\/index.php\/wp-json\/wp\/v2\/types\/post"}],"author":[{"embeddable":true,"href":"http:\/\/www.esbike.org\/index.php\/wp-json\/wp\/v2\/users\/1"}],"replies":[{"embeddable":true,"href":"http:\/\/www.esbike.org\/index.php\/wp-json\/wp\/v2\/comments?post=94"}],"version-history":[{"count":0,"href":"http:\/\/www.esbike.org\/index.php\/wp-json\/wp\/v2\/posts\/94\/revisions"}],"wp:attachment":[{"href":"http:\/\/www.esbike.org\/index.php\/wp-json\/wp\/v2\/media?parent=94"}],"wp:term":[{"taxonomy":"category","embeddable":true,"href":"http:\/\/www.esbike.org\/index.php\/wp-json\/wp\/v2\/categories?post=94"},{"taxonomy":"post_tag","embeddable":true,"href":"http:\/\/www.esbike.org\/index.php\/wp-json\/wp\/v2\/tags?post=94"}],"curies":[{"name":"wp","href":"https:\/\/api.w.org\/{rel}","templated":true}]}}