{"id":9334,"date":"2022-05-31T15:41:14","date_gmt":"2022-05-31T12:41:14","guid":{"rendered":"http:\/\/www.esbike.org\/?p=9334"},"modified":"2022-05-31T15:41:14","modified_gmt":"2022-05-31T12:41:14","slug":"turkmen-dagi-yayla-kampi","status":"publish","type":"post","link":"http:\/\/www.esbike.org\/index.php\/2022\/05\/31\/turkmen-dagi-yayla-kampi\/","title":{"rendered":"T\u00dcRKMEN DA\u011eI YAYLA KAMPI"},"content":{"rendered":"\n<figure class=\"wp-block-gallery has-nested-images columns-default is-cropped wp-block-gallery-1 is-layout-flex wp-block-gallery-is-layout-flex\">\n<figure class=\"wp-block-image size-large\"><img loading=\"lazy\" decoding=\"async\" width=\"724\" height=\"1024\" data-id=\"9335\" src=\"http:\/\/www.esbike.org\/wp-content\/uploads\/2022\/05\/turkmen1819-724x1024.jpg\" alt=\"\" class=\"wp-image-9335\" srcset=\"http:\/\/www.esbike.org\/wp-content\/uploads\/2022\/05\/turkmen1819-724x1024.jpg 724w, http:\/\/www.esbike.org\/wp-content\/uploads\/2022\/05\/turkmen1819-212x300.jpg 212w, http:\/\/www.esbike.org\/wp-content\/uploads\/2022\/05\/turkmen1819-768x1086.jpg 768w, http:\/\/www.esbike.org\/wp-content\/uploads\/2022\/05\/turkmen1819-1086x1536.jpg 1086w, http:\/\/www.esbike.org\/wp-content\/uploads\/2022\/05\/turkmen1819-1448x2048.jpg 1448w, http:\/\/www.esbike.org\/wp-content\/uploads\/2022\/05\/turkmen1819-scaled.jpg 1810w\" sizes=\"auto, (max-width: 767px) 100vw, 724px\" \/><\/figure>\n<\/figure>\n\n\n\n<p>ETK\u0130NL\u0130K PROGRAMI :<\/p>\n\n\n\n<p>CUMARTES\u0130 <\/p>\n\n\n\n<p>Saat:08:00 Atat\u00fcrk Bulvar\u0131 Migros \u00d6n\u00fcnden ara\u00e7larla hareket.<\/p>\n\n\n\n<p>2 saatlik bir yolculu\u011fun ard\u0131ndan kamp alan\u0131na ula\u015f\u0131yoruz.Sonras\u0131nda \u00e7ad\u0131rlar\u0131m\u0131z\u0131 kuruyoruz.Kamp ve Do\u011fa \u00fczerine \u00e7e\u015fitli etkinlikler d\u00fczenleyece\u011fiz.<\/p>\n\n\n\n<p>Cumartesi g\u00fcn\u00fc g\u00fcn bat\u0131m\u0131nda zirveye do\u011fa y\u00fcr\u00fcy\u00fc\u015f\u00fc yapaca\u011f\u0131z.<\/p>\n\n\n\n<p>PAZAR<\/p>\n\n\n\n<p>Sabah kahvalt\u0131s\u0131 ile birlikte \u00f6\u011flene do\u011fru kamp\u0131 toplayarak yava\u015f yava\u015f d\u00f6n\u00fc\u015fe ge\u00e7ece\u011fiz.<\/p>\n\n\n\n<p>Detay Whatsapp&#8217;tan sunulacakt\u0131r.O y\u00fczden \u00f6n kayd\u0131n\u0131z\u0131 olunuz ve gruba dahil olunuz.<\/p>\n\n\n\n<p>Whatsapp Kay\u0131t Hatt\u0131 0506 423 1170<\/p>\n\n\n\n<p>Not: Etkinli\u011fimiz profesyonel sertifikal\u0131 liderler ve sporcular e\u015fli\u011finde ger\u00e7ekle\u015fecektir.Turistik de\u011fil sportif bir faaliyettir.Etkinlik zorluk derecesi 5 \u00fczerinden 3\u2019t\u00fcr. Dileyen sadece kampa kat\u0131labilir.Ailelerede a\u00e7\u0131kt\u0131r. Kamp \u00c7ad\u0131r\u0131 ve ekipman temini ki\u015fiye aittir. Eldeki imkanlarla grup i\u00e7inde yard\u0131mla\u015fma olabilir. Detay whatsapp\u2019ta sunulacakt\u0131r.<\/p>\n","protected":false},"excerpt":{"rendered":"<p>ETK\u0130NL\u0130K PROGRAMI : CUMARTES\u0130 Saat:08:00 Atat\u00fcrk Bulvar\u0131 Migros \u00d6n\u00fcnden ara\u00e7larla hareket. 2 saatlik bir yolculu\u011fun ard\u0131ndan kamp alan\u0131na ula\u015f\u0131yoruz.Sonras\u0131nda \u00e7ad\u0131rlar\u0131m\u0131z\u0131 kuruyoruz.Kamp ve Do\u011fa \u00fczerine \u00e7e\u015fitli etkinlikler d\u00fczenleyece\u011fiz. Cumartesi g\u00fcn\u00fc g\u00fcn bat\u0131m\u0131nda zirveye do\u011fa y\u00fcr\u00fcy\u00fc\u015f\u00fc yapaca\u011f\u0131z. PAZAR Sabah kahvalt\u0131s\u0131 ile birlikte \u00f6\u011flene do\u011fru kamp\u0131 toplayarak yava\u015f yava\u015f d\u00f6n\u00fc\u015fe ge\u00e7ece\u011fiz. Detay Whatsapp&#8217;tan sunulacakt\u0131r.O y\u00fczden \u00f6n kayd\u0131n\u0131z\u0131 olunuz ve gruba dahil olunuz. Whatsapp<\/p>\n","protected":false},"author":1,"featured_media":0,"comment_status":"open","ping_status":"closed","sticky":false,"template":"","format":"standard","meta":{"footnotes":""},"categories":[356],"tags":[],"class_list":["post-9334","post","type-post","status-publish","format-standard","hentry","category-dogayuruyusuduyurular"],"_links":{"self":[{"href":"http:\/\/www.esbike.org\/index.php\/wp-json\/wp\/v2\/posts\/9334","targetHints":{"allow":["GET"]}}],"collection":[{"href":"http:\/\/www.esbike.org\/index.php\/wp-json\/wp\/v2\/posts"}],"about":[{"href":"http:\/\/www.esbike.org\/index.php\/wp-json\/wp\/v2\/types\/post"}],"author":[{"embeddable":true,"href":"http:\/\/www.esbike.org\/index.php\/wp-json\/wp\/v2\/users\/1"}],"replies":[{"embeddable":true,"href":"http:\/\/www.esbike.org\/index.php\/wp-json\/wp\/v2\/comments?post=9334"}],"version-history":[{"count":1,"href":"http:\/\/www.esbike.org\/index.php\/wp-json\/wp\/v2\/posts\/9334\/revisions"}],"predecessor-version":[{"id":9336,"href":"http:\/\/www.esbike.org\/index.php\/wp-json\/wp\/v2\/posts\/9334\/revisions\/9336"}],"wp:attachment":[{"href":"http:\/\/www.esbike.org\/index.php\/wp-json\/wp\/v2\/media?parent=9334"}],"wp:term":[{"taxonomy":"category","embeddable":true,"href":"http:\/\/www.esbike.org\/index.php\/wp-json\/wp\/v2\/categories?post=9334"},{"taxonomy":"post_tag","embeddable":true,"href":"http:\/\/www.esbike.org\/index.php\/wp-json\/wp\/v2\/tags?post=9334"}],"curies":[{"name":"wp","href":"https:\/\/api.w.org\/{rel}","templated":true}]}}