{"id":871,"date":"2013-06-29T21:58:48","date_gmt":"2013-06-29T18:58:48","guid":{"rendered":"http:\/\/www.esbike.org\/?p=871"},"modified":"2013-06-29T21:58:48","modified_gmt":"2013-06-29T18:58:48","slug":"29-06-2013-yaz-okullari-acilisi","status":"publish","type":"post","link":"http:\/\/www.esbike.org\/index.php\/2013\/06\/29\/29-06-2013-yaz-okullari-acilisi\/","title":{"rendered":"29.06.2013 Yaz Okullar\u0131 A\u00e7\u0131l\u0131\u015f\u0131"},"content":{"rendered":"<p style=\"text-align: center;\"><strong style=\"font-size: 14px;\">29.06.2013 Yaz Okullar\u0131 A\u00e7\u0131l\u0131\u015f\u0131<\/strong><\/p>\n<hr \/>\n<p style=\"text-align: center;\">\n<p style=\"text-align: center;\"><img decoding=\"async\" src=\"http:\/\/esbike.org\/images\/icerikphoto\/esbiketarihi\/2013\/29062013yazokullariacilis\/output\/IMG_3683.JPG\" \/><\/p>\n<p style=\"text-align: center;\"><img decoding=\"async\" src=\"http:\/\/esbike.org\/images\/icerikphoto\/esbiketarihi\/2013\/29062013yazokullariacilis\/output\/IMG_3721.JPG\" \/><\/p>\n<p style=\"text-align: center;\"><img decoding=\"async\" src=\"http:\/\/esbike.org\/images\/icerikphoto\/esbiketarihi\/2013\/29062013yazokullariacilis\/output\/IMG_3742.JPG\" \/><\/p>\n","protected":false},"excerpt":{"rendered":"<p>29.06.2013 Yaz Okullar\u0131 A\u00e7\u0131l\u0131\u015f\u0131<\/p>\n","protected":false},"author":1,"featured_media":0,"comment_status":"open","ping_status":"open","sticky":false,"template":"","format":"standard","meta":{"footnotes":""},"categories":[3,9],"tags":[],"class_list":["post-871","post","type-post","status-publish","format-standard","hentry","category-bisikletetkinlikleri","category-esbiketarihi"],"_links":{"self":[{"href":"http:\/\/www.esbike.org\/index.php\/wp-json\/wp\/v2\/posts\/871","targetHints":{"allow":["GET"]}}],"collection":[{"href":"http:\/\/www.esbike.org\/index.php\/wp-json\/wp\/v2\/posts"}],"about":[{"href":"http:\/\/www.esbike.org\/index.php\/wp-json\/wp\/v2\/types\/post"}],"author":[{"embeddable":true,"href":"http:\/\/www.esbike.org\/index.php\/wp-json\/wp\/v2\/users\/1"}],"replies":[{"embeddable":true,"href":"http:\/\/www.esbike.org\/index.php\/wp-json\/wp\/v2\/comments?post=871"}],"version-history":[{"count":0,"href":"http:\/\/www.esbike.org\/index.php\/wp-json\/wp\/v2\/posts\/871\/revisions"}],"wp:attachment":[{"href":"http:\/\/www.esbike.org\/index.php\/wp-json\/wp\/v2\/media?parent=871"}],"wp:term":[{"taxonomy":"category","embeddable":true,"href":"http:\/\/www.esbike.org\/index.php\/wp-json\/wp\/v2\/categories?post=871"},{"taxonomy":"post_tag","embeddable":true,"href":"http:\/\/www.esbike.org\/index.php\/wp-json\/wp\/v2\/tags?post=871"}],"curies":[{"name":"wp","href":"https:\/\/api.w.org\/{rel}","templated":true}]}}