{"id":7707,"date":"2021-08-23T23:54:56","date_gmt":"2021-08-23T20:54:56","guid":{"rendered":"http:\/\/www.esbike.org\/?p=7707"},"modified":"2021-08-23T23:54:57","modified_gmt":"2021-08-23T20:54:57","slug":"02-05-2004-adalar","status":"publish","type":"post","link":"http:\/\/www.esbike.org\/index.php\/2021\/08\/23\/02-05-2004-adalar\/","title":{"rendered":"02.05.2004 Adalar"},"content":{"rendered":"\n<figure class=\"wp-block-image size-full\"><img loading=\"lazy\" decoding=\"async\" width=\"1024\" height=\"768\" src=\"http:\/\/www.esbike.org\/wp-content\/uploads\/2021\/08\/100_0006.jpg\" alt=\"\" class=\"wp-image-7708\" srcset=\"http:\/\/www.esbike.org\/wp-content\/uploads\/2021\/08\/100_0006.jpg 1024w, http:\/\/www.esbike.org\/wp-content\/uploads\/2021\/08\/100_0006-300x225.jpg 300w, http:\/\/www.esbike.org\/wp-content\/uploads\/2021\/08\/100_0006-768x576.jpg 768w\" sizes=\"auto, (max-width: 1024px) 100vw, 1024px\" \/><\/figure>\n\n\n\n<p>K\u00f6pr\u00fc detay\u0131na dikkat eski k\u00f6pr\u00fcler bu \u015fekildeydi ve bisikletle inip \u00e7\u0131kmas\u0131 \u00e7ok zevkliydi \u015fehrin ilk da\u011f bisikleti tak\u0131m\u0131.<\/p>\n","protected":false},"excerpt":{"rendered":"<p>K\u00f6pr\u00fc detay\u0131na dikkat eski k\u00f6pr\u00fcler bu \u015fekildeydi ve bisikletle inip \u00e7\u0131kmas\u0131 \u00e7ok zevkliydi \u015fehrin ilk da\u011f bisikleti tak\u0131m\u0131.<\/p>\n","protected":false},"author":1,"featured_media":0,"comment_status":"open","ping_status":"closed","sticky":false,"template":"","format":"standard","meta":{"footnotes":""},"categories":[316,9],"tags":[],"class_list":["post-7707","post","type-post","status-publish","format-standard","hentry","category-316","category-esbiketarihi"],"_links":{"self":[{"href":"http:\/\/www.esbike.org\/index.php\/wp-json\/wp\/v2\/posts\/7707","targetHints":{"allow":["GET"]}}],"collection":[{"href":"http:\/\/www.esbike.org\/index.php\/wp-json\/wp\/v2\/posts"}],"about":[{"href":"http:\/\/www.esbike.org\/index.php\/wp-json\/wp\/v2\/types\/post"}],"author":[{"embeddable":true,"href":"http:\/\/www.esbike.org\/index.php\/wp-json\/wp\/v2\/users\/1"}],"replies":[{"embeddable":true,"href":"http:\/\/www.esbike.org\/index.php\/wp-json\/wp\/v2\/comments?post=7707"}],"version-history":[{"count":1,"href":"http:\/\/www.esbike.org\/index.php\/wp-json\/wp\/v2\/posts\/7707\/revisions"}],"predecessor-version":[{"id":7709,"href":"http:\/\/www.esbike.org\/index.php\/wp-json\/wp\/v2\/posts\/7707\/revisions\/7709"}],"wp:attachment":[{"href":"http:\/\/www.esbike.org\/index.php\/wp-json\/wp\/v2\/media?parent=7707"}],"wp:term":[{"taxonomy":"category","embeddable":true,"href":"http:\/\/www.esbike.org\/index.php\/wp-json\/wp\/v2\/categories?post=7707"},{"taxonomy":"post_tag","embeddable":true,"href":"http:\/\/www.esbike.org\/index.php\/wp-json\/wp\/v2\/tags?post=7707"}],"curies":[{"name":"wp","href":"https:\/\/api.w.org\/{rel}","templated":true}]}}