{"id":735,"date":"2012-04-19T17:41:31","date_gmt":"2012-04-19T14:41:31","guid":{"rendered":"http:\/\/www.esbike.org\/?p=735"},"modified":"2012-04-19T17:41:31","modified_gmt":"2012-04-19T14:41:31","slug":"19-04-2012-bitlis-dag-bisikleti-yarisi","status":"publish","type":"post","link":"http:\/\/www.esbike.org\/index.php\/2012\/04\/19\/19-04-2012-bitlis-dag-bisikleti-yarisi\/","title":{"rendered":"19.04.2012 Bitlis Da\u011f Bisikleti Yar\u0131\u015f\u0131"},"content":{"rendered":"<p style=\"text-align: center;\"><span style=\"font-size: 14px;\"><strong>19.04.2012 Bitlis Da\u011f Bisikleti Yar\u0131\u015f\u0131<\/strong><\/span><\/p>\n<hr \/>\n<p style=\"text-align: center;\"><img decoding=\"async\" src=\"http:\/\/esbike.org\/images\/icerikphoto\/esbiketarihi\/2012\/19042012bitlis\/output\/DSC_0023.JPG\" \/><img decoding=\"async\" src=\"http:\/\/esbike.org\/images\/icerikphoto\/esbiketarihi\/2012\/19042012bitlis\/output\/DSC00032.JPG\" \/><\/p>\n<p style=\"text-align: center;\">\n<p style=\"text-align: center;\"><img decoding=\"async\" src=\"http:\/\/esbike.org\/images\/icerikphoto\/esbiketarihi\/2012\/19042012bitlis\/output\/DSC00141.JPG\" \/><\/p>\n<p style=\"text-align: center;\"><img decoding=\"async\" src=\"http:\/\/esbike.org\/images\/icerikphoto\/esbiketarihi\/2012\/19042012bitlis\/output\/DSC_0002.JPG\" \/><\/p>\n<p style=\"text-align: center;\"><img decoding=\"async\" src=\"http:\/\/esbike.org\/images\/icerikphoto\/esbiketarihi\/2012\/19042012bitlis\/output\/DSC_0074.JPG\" \/><\/p>\n<p style=\"text-align: center;\">\n<p style=\"text-align: center;\"><img decoding=\"async\" src=\"http:\/\/esbike.org\/images\/icerikphoto\/esbiketarihi\/2012\/19042012bitlis\/output\/DSC_0080.JPG\" \/><\/p>\n<p style=\"text-align: center;\"><img decoding=\"async\" src=\"http:\/\/esbike.org\/images\/icerikphoto\/esbiketarihi\/2012\/19042012bitlis\/output\/DSC_0123.JPG\" \/><\/p>\n","protected":false},"excerpt":{"rendered":"<p>19.04.2012 Bitlis Da\u011f Bisikleti Yar\u0131\u015f\u0131<\/p>\n","protected":false},"author":1,"featured_media":0,"comment_status":"open","ping_status":"open","sticky":false,"template":"","format":"standard","meta":{"footnotes":""},"categories":[9],"tags":[],"class_list":["post-735","post","type-post","status-publish","format-standard","hentry","category-esbiketarihi"],"_links":{"self":[{"href":"http:\/\/www.esbike.org\/index.php\/wp-json\/wp\/v2\/posts\/735","targetHints":{"allow":["GET"]}}],"collection":[{"href":"http:\/\/www.esbike.org\/index.php\/wp-json\/wp\/v2\/posts"}],"about":[{"href":"http:\/\/www.esbike.org\/index.php\/wp-json\/wp\/v2\/types\/post"}],"author":[{"embeddable":true,"href":"http:\/\/www.esbike.org\/index.php\/wp-json\/wp\/v2\/users\/1"}],"replies":[{"embeddable":true,"href":"http:\/\/www.esbike.org\/index.php\/wp-json\/wp\/v2\/comments?post=735"}],"version-history":[{"count":0,"href":"http:\/\/www.esbike.org\/index.php\/wp-json\/wp\/v2\/posts\/735\/revisions"}],"wp:attachment":[{"href":"http:\/\/www.esbike.org\/index.php\/wp-json\/wp\/v2\/media?parent=735"}],"wp:term":[{"taxonomy":"category","embeddable":true,"href":"http:\/\/www.esbike.org\/index.php\/wp-json\/wp\/v2\/categories?post=735"},{"taxonomy":"post_tag","embeddable":true,"href":"http:\/\/www.esbike.org\/index.php\/wp-json\/wp\/v2\/tags?post=735"}],"curies":[{"name":"wp","href":"https:\/\/api.w.org\/{rel}","templated":true}]}}