{"id":617,"date":"2010-10-03T16:54:35","date_gmt":"2010-10-03T13:54:35","guid":{"rendered":"http:\/\/www.esbike.org\/?p=617"},"modified":"2010-10-03T16:54:35","modified_gmt":"2010-10-03T13:54:35","slug":"03-10-2010-izmir-alacati-uluslararasi-dag-bisikleti-yarisi","status":"publish","type":"post","link":"http:\/\/www.esbike.org\/index.php\/2010\/10\/03\/03-10-2010-izmir-alacati-uluslararasi-dag-bisikleti-yarisi\/","title":{"rendered":"03.10.2010 \u0130zmir Ala\u00e7at\u0131 Uluslararas\u0131 Da\u011f Bisikleti Yar\u0131\u015f\u0131"},"content":{"rendered":"<p style=\"text-align: center;\"><span style=\"font-size: 14px;\"><strong>03.10.2010 \u0130zmir Ala\u00e7at\u0131 Uluslararas\u0131 Da\u011f Bisikleti Yar\u0131\u015f\u0131<\/strong><\/span><\/p>\n<hr \/>\n<p style=\"text-align: center;\"><img decoding=\"async\" src=\"http:\/\/esbike.org\/images\/icerikphoto\/esbiketarihi\/2010\/03.10.2010alacati\/output\/DSCN0416.JPG\" \/><\/p>\n<p style=\"text-align: center;\">Ala\u00e7at\u0131 ilk kez bir da\u011f bisikleti yar\u0131\u015fmas\u0131na ev sahipli\u011fi yapt\u0131.Parkur olarak bir \u00e7\u00f6pl\u00fc\u011f\u00fcn se\u00e7ilmi\u015f olmas\u0131 b\u00fcy\u00fck bir talihsizlikti yar\u0131\u015fma k\u00f6t\u00fc bir parkurda ger\u00e7ekle\u015fti s\u0131ks\u0131k k\u00f6t\u00fc kokular e\u015fli\u011finde yar\u0131\u015fmak zorunda kald\u0131k.\u0130yi bir yar\u0131\u015f \u00e7\u0131kard\u0131k fakat parkur k\u00f6t\u00fcyd\u00fc.<\/p>\n<p style=\"text-align: center;\"><img decoding=\"async\" src=\"http:\/\/esbike.org\/images\/icerikphoto\/esbiketarihi\/2010\/03.10.2010alacati\/output\/DSCN0336.JPG\" \/><\/p>\n<p style=\"text-align: center;\">Yar\u0131\u015fma \u00f6ncesi kald\u0131\u011f\u0131m\u0131z \u00f6\u011fretmen evinde et midemizi bozmu\u015ftu alman tak\u0131m\u0131ndan marco ile ayn\u0131 kaderi payla\u015ft\u0131k yar\u0131\u015f boyunca \u00e7ok zorland\u0131k.Yar\u0131\u015fmadan sonra Ala\u00e7at\u0131\u2019da deniz kenar\u0131nda s\u0131cak su kayna\u011f\u0131 oldu\u011funu \u00f6\u011frendik so\u011fuk havada denize giremezdik ancak s\u0131cak suyla deniz suyunun kar\u0131\u015f\u0131m\u0131 muhte\u015femdi bol bol keyif yapt\u0131k sonra marco ile ailecek bir yemek yedik ve ala\u00e7at\u0131 maceram\u0131z\u0131 sonland\u0131rd\u0131k.<\/p>\n<p style=\"text-align: center;\"><img decoding=\"async\" src=\"http:\/\/esbike.org\/images\/icerikphoto\/esbiketarihi\/2010\/03.10.2010alacati\/output\/DSC04631.jpg\" \/><\/p>\n<p style=\"text-align: center;\">\n<p style=\"text-align: center;\"><img decoding=\"async\" src=\"http:\/\/esbike.org\/images\/icerikphoto\/esbiketarihi\/2010\/03.10.2010alacati\/output\/DSC04590.jpg\" \/><\/p>\n<p style=\"text-align: center;\"><img decoding=\"async\" src=\"http:\/\/esbike.org\/images\/icerikphoto\/esbiketarihi\/2010\/03.10.2010alacati\/output\/DSCN0430.JPG\" \/><\/p>\n<p>&nbsp;<\/p>\n","protected":false},"excerpt":{"rendered":"<p>03.10.2010 \u0130zmir Ala\u00e7at\u0131 Uluslararas\u0131 Da\u011f Bisikleti Yar\u0131\u015f\u0131 Ala\u00e7at\u0131 ilk kez bir da\u011f bisikleti yar\u0131\u015fmas\u0131na ev sahipli\u011fi yapt\u0131.Parkur olarak bir \u00e7\u00f6pl\u00fc\u011f\u00fcn se\u00e7ilmi\u015f olmas\u0131 b\u00fcy\u00fck bir talihsizlikti yar\u0131\u015fma k\u00f6t\u00fc bir parkurda ger\u00e7ekle\u015fti s\u0131ks\u0131k k\u00f6t\u00fc kokular e\u015fli\u011finde yar\u0131\u015fmak zorunda kald\u0131k.\u0130yi bir yar\u0131\u015f \u00e7\u0131kard\u0131k fakat parkur k\u00f6t\u00fcyd\u00fc. Yar\u0131\u015fma \u00f6ncesi kald\u0131\u011f\u0131m\u0131z \u00f6\u011fretmen evinde et midemizi bozmu\u015ftu alman tak\u0131m\u0131ndan marco ile ayn\u0131 kaderi payla\u015ft\u0131k yar\u0131\u015f boyunca<\/p>\n","protected":false},"author":1,"featured_media":0,"comment_status":"open","ping_status":"open","sticky":false,"template":"","format":"standard","meta":{"footnotes":""},"categories":[9],"tags":[],"class_list":["post-617","post","type-post","status-publish","format-standard","hentry","category-esbiketarihi"],"_links":{"self":[{"href":"http:\/\/www.esbike.org\/index.php\/wp-json\/wp\/v2\/posts\/617","targetHints":{"allow":["GET"]}}],"collection":[{"href":"http:\/\/www.esbike.org\/index.php\/wp-json\/wp\/v2\/posts"}],"about":[{"href":"http:\/\/www.esbike.org\/index.php\/wp-json\/wp\/v2\/types\/post"}],"author":[{"embeddable":true,"href":"http:\/\/www.esbike.org\/index.php\/wp-json\/wp\/v2\/users\/1"}],"replies":[{"embeddable":true,"href":"http:\/\/www.esbike.org\/index.php\/wp-json\/wp\/v2\/comments?post=617"}],"version-history":[{"count":0,"href":"http:\/\/www.esbike.org\/index.php\/wp-json\/wp\/v2\/posts\/617\/revisions"}],"wp:attachment":[{"href":"http:\/\/www.esbike.org\/index.php\/wp-json\/wp\/v2\/media?parent=617"}],"wp:term":[{"taxonomy":"category","embeddable":true,"href":"http:\/\/www.esbike.org\/index.php\/wp-json\/wp\/v2\/categories?post=617"},{"taxonomy":"post_tag","embeddable":true,"href":"http:\/\/www.esbike.org\/index.php\/wp-json\/wp\/v2\/tags?post=617"}],"curies":[{"name":"wp","href":"https:\/\/api.w.org\/{rel}","templated":true}]}}