{"id":609,"date":"2010-07-06T16:51:59","date_gmt":"2010-07-06T13:51:59","guid":{"rendered":"http:\/\/www.esbike.org\/?p=609"},"modified":"2010-07-06T16:51:59","modified_gmt":"2010-07-06T13:51:59","slug":"06-07-2010-uluslararasi-alanya-dag-bisikleti-yarisi","status":"publish","type":"post","link":"http:\/\/www.esbike.org\/index.php\/2010\/07\/06\/06-07-2010-uluslararasi-alanya-dag-bisikleti-yarisi\/","title":{"rendered":"06.07.2010 Uluslararas\u0131 Alanya Da\u011f Bisikleti Yar\u0131\u015f\u0131"},"content":{"rendered":"<p style=\"text-align: center;\"><span style=\"font-size: 14px;\"><strong>06.07.2010 Uluslararas\u0131 Alanya Da\u011f Bisikleti Yar\u0131\u015f\u0131<\/strong><\/span><\/p>\n<hr \/>\n<p style=\"text-align: center;\"><img decoding=\"async\" src=\"http:\/\/esbike.org\/images\/icerikphoto\/esbiketarihi\/2010\/06.07.2010alanya\/output\/DSCN8286.JPG\" \/><\/p>\n<p style=\"text-align: center;\"><img decoding=\"async\" src=\"http:\/\/esbike.org\/images\/icerikphoto\/esbiketarihi\/2010\/06.07.2010alanya\/output\/DSCN8477.JPG\" \/><\/p>\n<p style=\"text-align: center;\">\n<p style=\"text-align: center;\">\n<p style=\"text-align: center;\">Alanya\u2019y\u0131 iyi tan\u0131yoruz \u00e7o\u011fu yar\u0131\u015f burda yap\u0131l\u0131yor federasyon ba\u015fkan\u0131 Emin M\u00fcft\u00fco\u011flu\u2019nun bural\u0131 olmas\u0131 bunu etkiliyor tabi.Esbike olarak yar\u0131\u015fma i\u00e7in b\u00f6lgeye ula\u015ft\u0131k \u00e7ad\u0131r kurmam\u0131z gerekiyor ama K\u0131z\u0131lalan\u2019a kadar \u00e7ad\u0131rlar\u0131m\u0131z\u0131 \u00e7\u0131kartmak zor en yak\u0131n yer olan Alanya Spor Salonu\u2019nu tercih ettik.Her geldi\u011fimizde burada sorun ya\u015fasakta en g\u00fcvenilir yer ve en sevdi\u011fimiz yer buras\u0131 belki bi\u015fey demezler diye buray\u0131 tercih ettik.Saolsun S\u00fcleyman abi oran\u0131n sorumlusu bize yard\u0131mc\u0131 oldu.<\/p>\n<p style=\"text-align: center;\"><img decoding=\"async\" src=\"http:\/\/esbike.org\/images\/icerikphoto\/esbiketarihi\/2010\/06.07.2010alanya\/output\/DSCN8358.JPG\" \/><\/p>\n<p style=\"text-align: center;\"><img decoding=\"async\" src=\"http:\/\/esbike.org\/images\/icerikphoto\/esbiketarihi\/2010\/06.07.2010alanya\/output\/DSCN8418.JPG\" \/><\/p>\n<p style=\"text-align: center;\">\n<p style=\"text-align: center;\"><img decoding=\"async\" src=\"http:\/\/esbike.org\/images\/icerikphoto\/esbiketarihi\/2010\/06.07.2010alanya\/output\/DSCN8433.JPG\" \/><\/p>\n<p style=\"text-align: center;\">\u00c7ad\u0131rlar\u0131m\u0131z\u0131 kurduk yar\u0131\u015fa kat\u0131ld\u0131k.Polonezk\u00f6y yar\u0131\u015f\u0131ndan tan\u0131d\u0131\u011f\u0131n\u0131z Anders Ljunberg arkada\u015f\u0131 Marco\u2019yu bu yar\u0131\u015fa g\u00f6ndermi\u015fti onlada tan\u0131\u015ft\u0131k \u00e7ok komik biri yeni bir dostumuz daha oldu.Yar\u0131\u015fmada ba\u015far\u0131l\u0131 olduk yar\u0131\u015f alan\u0131 K\u0131z\u0131lalan\u2019dan a\u015fa\u011f\u0131ya bisikletlerimizle indik.Yar\u0131\u015fma sonras\u0131 yemek yapmak tabiki kaptan olarak bana d\u00fc\u015f\u00fcyordu g\u00fczel bir makarna yapt\u0131m ancak sporcular\u0131n ne yiyecek hali nede ayakta duracak halleri vard\u0131 Eda ate\u015fler i\u00e7indeydi Ahmette ayn\u0131 \u015fekilde bu durumda zar zor bi\u015feyler yedirdim ancak yediklerini istifra ediyorlard\u0131 ve durumlar\u0131 a\u011f\u0131rla\u015f\u0131yordu ikisinide bisikletlere zar zor bindirip hastaneye g\u00f6t\u00fcrd\u00fcm.\u0130\u011fne ve serum verdiler.Biraz kendilerine gelir gibi oldular ama hemen Eski\u015fehir\u2019e d\u00f6nmemiz gerekiyordu \u00e7ad\u0131r \u015fartlar\u0131nda hasta hasta \u00e7ok zordu.<\/p>\n<p style=\"text-align: center;\"><img decoding=\"async\" src=\"http:\/\/esbike.org\/images\/icerikphoto\/esbiketarihi\/2010\/06.07.2010alanya\/output\/DSC_0048.jpg\" \/><\/p>\n<p style=\"text-align: center;\">Tam \u00e7ad\u0131rlar\u0131m\u0131z\u0131 toplayacakken Spor m\u00fcd\u00fcr\u00fc Saim Kanl\u0131 geldi bu ne b\u00f6yle kim izin verdi size burda \u00e7ad\u0131r yasak diye m\u00fcd\u00fcrl\u00fck taslad\u0131 bize zaten hastay\u0131z ve zor durumday\u0131z bide bu adamla hi\u00e7 u\u011fra\u015famazd\u0131k terbiyesizlik yapmamas\u0131n\u0131 biz sporcuyuz buras\u0131 bizim mal\u0131m\u0131z oldu\u011funu s\u00f6yledim arkas\u0131ndan belediye ba\u015fkan\u0131 geldi kald\u0131r\u0131n \u00e7ad\u0131rlar\u0131 dedi zaten istesenizde burda durmay\u0131z hasta hasta burdan kovuldu\u011fumuzu hi\u00e7 unutmayaca\u011f\u0131z diye ba\u015fkan\u0131n y\u00fcz\u00fcne s\u00f6yledim b\u00f6yle ba\u015fkan olunmaz ay\u0131p yapt\u0131\u011f\u0131n\u0131z dedim laf\u0131m\u0131 esirgemedim \u00e7\u00fcnk\u00fc hakl\u0131 olan bizdik.<\/p>\n<p style=\"text-align: center;\"><img decoding=\"async\" src=\"http:\/\/esbike.org\/images\/icerikphoto\/esbiketarihi\/2010\/06.07.2010alanya\/output\/DSC0018.jpg\" \/><\/p>\n<p style=\"text-align: center;\">\n<p style=\"text-align: center;\">Arkas\u0131na bakmadan korumalar\u0131 e\u015fli\u011finde uzakla\u015ft\u0131 bizde \u00e7ad\u0131rlar\u0131m\u0131z\u0131 apar topar toplad\u0131k ve b\u00fct\u00fcn e\u015fyay\u0131 ben s\u0131rtland\u0131m otogara ula\u015ft\u0131k.Bende yar\u0131\u015fm\u0131\u015ft\u0131m ve \u00e7ok yorgundum yemek bile yiyemeden otob\u00fcse bindim Alanya\u2019y\u0131 y\u00f6neten bu insanlara \u00f6fkem hi\u00e7 dinmedi ve dinmeyecek birde bunlar sporu y\u00f6netiyorlar yaz\u0131klar olsun onlara diyorum.Allaha \u015f\u00fck\u00fcr eve sa\u011f salim ula\u015ft\u0131k ba\u015far\u0131 ald\u0131\u011f\u0131m\u0131zam\u0131 sevinelim hasta oldu\u011fumuzam\u0131 kovuldu\u011fumuzam\u0131 \u00fcz\u00fclelim bilemedik Alanya\u2019y\u0131 seviyorduk ama k\u00fcst\u00fcrd\u00fcler.<\/p>\n<p style=\"text-align: center;\"><img decoding=\"async\" src=\"http:\/\/esbike.org\/images\/icerikphoto\/esbiketarihi\/2010\/06.07.2010alanya\/output\/DSCN8486.JPG\" \/><\/p>\n<p style=\"text-align: center;\"><img decoding=\"async\" src=\"http:\/\/esbike.org\/images\/icerikphoto\/esbiketarihi\/2010\/06.07.2010alanya\/output\/DSCN8571.JPG\" \/><\/p>\n<p style=\"text-align: center;\"><img decoding=\"async\" src=\"http:\/\/esbike.org\/images\/icerikphoto\/esbiketarihi\/2010\/06.07.2010alanya\/output\/DSC_0137.jpg\" \/><\/p>\n","protected":false},"excerpt":{"rendered":"<p>06.07.2010 Uluslararas\u0131 Alanya Da\u011f Bisikleti Yar\u0131\u015f\u0131 Alanya\u2019y\u0131 iyi tan\u0131yoruz \u00e7o\u011fu yar\u0131\u015f burda yap\u0131l\u0131yor federasyon ba\u015fkan\u0131 Emin M\u00fcft\u00fco\u011flu\u2019nun bural\u0131 olmas\u0131 bunu etkiliyor tabi.Esbike olarak yar\u0131\u015fma i\u00e7in b\u00f6lgeye ula\u015ft\u0131k \u00e7ad\u0131r kurmam\u0131z gerekiyor ama K\u0131z\u0131lalan\u2019a kadar \u00e7ad\u0131rlar\u0131m\u0131z\u0131 \u00e7\u0131kartmak zor en yak\u0131n yer olan Alanya Spor Salonu\u2019nu tercih ettik.Her geldi\u011fimizde burada sorun ya\u015fasakta en g\u00fcvenilir yer ve en sevdi\u011fimiz yer buras\u0131 belki bi\u015fey demezler<\/p>\n","protected":false},"author":1,"featured_media":0,"comment_status":"open","ping_status":"open","sticky":false,"template":"","format":"standard","meta":{"footnotes":""},"categories":[9],"tags":[],"class_list":["post-609","post","type-post","status-publish","format-standard","hentry","category-esbiketarihi"],"_links":{"self":[{"href":"http:\/\/www.esbike.org\/index.php\/wp-json\/wp\/v2\/posts\/609","targetHints":{"allow":["GET"]}}],"collection":[{"href":"http:\/\/www.esbike.org\/index.php\/wp-json\/wp\/v2\/posts"}],"about":[{"href":"http:\/\/www.esbike.org\/index.php\/wp-json\/wp\/v2\/types\/post"}],"author":[{"embeddable":true,"href":"http:\/\/www.esbike.org\/index.php\/wp-json\/wp\/v2\/users\/1"}],"replies":[{"embeddable":true,"href":"http:\/\/www.esbike.org\/index.php\/wp-json\/wp\/v2\/comments?post=609"}],"version-history":[{"count":0,"href":"http:\/\/www.esbike.org\/index.php\/wp-json\/wp\/v2\/posts\/609\/revisions"}],"wp:attachment":[{"href":"http:\/\/www.esbike.org\/index.php\/wp-json\/wp\/v2\/media?parent=609"}],"wp:term":[{"taxonomy":"category","embeddable":true,"href":"http:\/\/www.esbike.org\/index.php\/wp-json\/wp\/v2\/categories?post=609"},{"taxonomy":"post_tag","embeddable":true,"href":"http:\/\/www.esbike.org\/index.php\/wp-json\/wp\/v2\/tags?post=609"}],"curies":[{"name":"wp","href":"https:\/\/api.w.org\/{rel}","templated":true}]}}