{"id":502,"date":"2017-04-10T15:04:18","date_gmt":"2017-04-10T12:04:18","guid":{"rendered":"http:\/\/www.esbike.org\/?p=502"},"modified":"2017-04-10T15:04:18","modified_gmt":"2017-04-10T12:04:18","slug":"parkurlar","status":"publish","type":"post","link":"http:\/\/www.esbike.org\/index.php\/2017\/04\/10\/parkurlar\/","title":{"rendered":"Parkurlar"},"content":{"rendered":"<p>Eski\u015fehir \u00c7evresinde onlarca bisiklet ve trekking rotas\u0131 bulunmakta bu rotalar\u0131 bizimle birlikte antrenman yaparak ve etkniliklerimize kat\u0131larak gezebilirsiniz.<\/p>\n<p>En me\u015fhur ve herkesin bildi\u011fi K\u0131z\u0131linler -Musa\u00f6z\u00fc Rotas\u0131 bunlardand\u0131r.Yak\u0131n zamanda detayl\u0131 payla\u015f\u0131m yap\u0131lacakt\u0131r.<\/p>\n<p>K\u0131z\u0131linler<\/p>\n<p>Musa\u00f6z\u00fc<\/p>\n<p>Porsuk Baraj\u0131<\/p>\n<p>Y\u00f6r\u00fckk\u0131rka<\/p>\n<p>A\u015fa\u011f\u0131Yukar\u0131 Kalabak<\/p>\n<p>T\u00fcrkmen Da\u011flar\u0131<\/p>\n<p>Kanl\u0131p\u0131nar<\/p>\n<p>Bozda\u011f-Karadere<\/p>\n<p>Avlakkaya<\/p>\n<p>Ay\u0131l\u0131 Vadi<\/p>\n<p>Sakarya Vadisi<\/p>\n<p>Harmankaya<\/p>\n<p>Sar\u0131sungur<\/p>\n<p>Kent Orman<\/p>\n<p>Karabay\u0131r Ba\u011flar\u0131<\/p>\n<p>Yaz\u0131l\u0131kaya<\/p>\n<p>\u0130nhisar \u015eelale<\/p>\n<p>\u0130n\u00f6n\u00fc<\/p>\n<p>Metris Tepe<\/p>\n<p>Sakarba\u015f\u0131<\/p>\n<p>\u00c7atac\u0131k<\/p>\n<p>G\u00fcrleyik<\/p>\n<p>Bozcaarmut<\/p>\n","protected":false},"excerpt":{"rendered":"<p>Eski\u015fehir \u00c7evresinde onlarca bisiklet ve trekking rotas\u0131 bulunmakta bu rotalar\u0131 bizimle birlikte antrenman yaparak ve etkniliklerimize kat\u0131larak gezebilirsiniz. En me\u015fhur ve herkesin bildi\u011fi K\u0131z\u0131linler -Musa\u00f6z\u00fc Rotas\u0131 bunlardand\u0131r.Yak\u0131n zamanda detayl\u0131 payla\u015f\u0131m yap\u0131lacakt\u0131r. K\u0131z\u0131linler Musa\u00f6z\u00fc Porsuk Baraj\u0131 Y\u00f6r\u00fckk\u0131rka A\u015fa\u011f\u0131Yukar\u0131 Kalabak T\u00fcrkmen Da\u011flar\u0131 Kanl\u0131p\u0131nar Bozda\u011f-Karadere Avlakkaya Ay\u0131l\u0131 Vadi Sakarya Vadisi Harmankaya Sar\u0131sungur Kent Orman Karabay\u0131r Ba\u011flar\u0131 Yaz\u0131l\u0131kaya \u0130nhisar \u015eelale \u0130n\u00f6n\u00fc Metris Tepe Sakarba\u015f\u0131<\/p>\n","protected":false},"author":1,"featured_media":0,"comment_status":"open","ping_status":"open","sticky":false,"template":"","format":"standard","meta":{"footnotes":""},"categories":[11],"tags":[],"class_list":["post-502","post","type-post","status-publish","format-standard","hentry","category-icerik"],"_links":{"self":[{"href":"http:\/\/www.esbike.org\/index.php\/wp-json\/wp\/v2\/posts\/502","targetHints":{"allow":["GET"]}}],"collection":[{"href":"http:\/\/www.esbike.org\/index.php\/wp-json\/wp\/v2\/posts"}],"about":[{"href":"http:\/\/www.esbike.org\/index.php\/wp-json\/wp\/v2\/types\/post"}],"author":[{"embeddable":true,"href":"http:\/\/www.esbike.org\/index.php\/wp-json\/wp\/v2\/users\/1"}],"replies":[{"embeddable":true,"href":"http:\/\/www.esbike.org\/index.php\/wp-json\/wp\/v2\/comments?post=502"}],"version-history":[{"count":0,"href":"http:\/\/www.esbike.org\/index.php\/wp-json\/wp\/v2\/posts\/502\/revisions"}],"wp:attachment":[{"href":"http:\/\/www.esbike.org\/index.php\/wp-json\/wp\/v2\/media?parent=502"}],"wp:term":[{"taxonomy":"category","embeddable":true,"href":"http:\/\/www.esbike.org\/index.php\/wp-json\/wp\/v2\/categories?post=502"},{"taxonomy":"post_tag","embeddable":true,"href":"http:\/\/www.esbike.org\/index.php\/wp-json\/wp\/v2\/tags?post=502"}],"curies":[{"name":"wp","href":"https:\/\/api.w.org\/{rel}","templated":true}]}}