{"id":500,"date":"2012-07-21T15:02:26","date_gmt":"2012-07-21T12:02:26","guid":{"rendered":"http:\/\/www.esbike.org\/?p=500"},"modified":"2012-07-21T15:02:26","modified_gmt":"2012-07-21T12:02:26","slug":"21-07-2012-turkiye-dag-bisikleti-sampiyonasi-bursa","status":"publish","type":"post","link":"http:\/\/www.esbike.org\/index.php\/2012\/07\/21\/21-07-2012-turkiye-dag-bisikleti-sampiyonasi-bursa\/","title":{"rendered":"21.07.2012 T\u00fcrkiye Da\u011f Bisikleti \u015eampiyonas\u0131 Bursa"},"content":{"rendered":"<p style=\"text-align: center;\"><span style=\"font-size: 14px;\"><strong>21.07.2012 T\u00fcrkiye Da\u011f Bisikleti \u015eampiyonas\u0131 Bursa<\/strong><\/span><\/p>\n<hr \/>\n<p style=\"text-align: center;\">\n<p style=\"text-align: center;\"><img decoding=\"async\" src=\"http:\/\/esbike.org\/images\/icerikphoto\/esbiketarihi\/2012\/21072012trchampbursa\/output\/471327_3764148499331_920067872_o.jpg\" \/><\/p>\n<p style=\"text-align: center;\"><img decoding=\"async\" src=\"http:\/\/esbike.org\/images\/icerikphoto\/esbiketarihi\/2012\/21072012trchampbursa\/output\/DSC_0003.JPG\" \/><\/p>\n<p style=\"text-align: center;\"><img decoding=\"async\" src=\"http:\/\/esbike.org\/images\/icerikphoto\/esbiketarihi\/2012\/21072012trchampbursa\/output\/DSC_0099.JPG\" \/><\/p>\n<p style=\"text-align: center;\"><img decoding=\"async\" src=\"http:\/\/esbike.org\/images\/icerikphoto\/esbiketarihi\/2012\/21072012trchampbursa\/output\/DSC_0176.jpg\" \/><\/p>\n","protected":false},"excerpt":{"rendered":"<p>21.07.2012 T\u00fcrkiye Da\u011f Bisikleti \u015eampiyonas\u0131 Bursa<\/p>\n","protected":false},"author":1,"featured_media":0,"comment_status":"open","ping_status":"open","sticky":false,"template":"","format":"standard","meta":{"footnotes":""},"categories":[9],"tags":[],"class_list":["post-500","post","type-post","status-publish","format-standard","hentry","category-esbiketarihi"],"_links":{"self":[{"href":"http:\/\/www.esbike.org\/index.php\/wp-json\/wp\/v2\/posts\/500","targetHints":{"allow":["GET"]}}],"collection":[{"href":"http:\/\/www.esbike.org\/index.php\/wp-json\/wp\/v2\/posts"}],"about":[{"href":"http:\/\/www.esbike.org\/index.php\/wp-json\/wp\/v2\/types\/post"}],"author":[{"embeddable":true,"href":"http:\/\/www.esbike.org\/index.php\/wp-json\/wp\/v2\/users\/1"}],"replies":[{"embeddable":true,"href":"http:\/\/www.esbike.org\/index.php\/wp-json\/wp\/v2\/comments?post=500"}],"version-history":[{"count":0,"href":"http:\/\/www.esbike.org\/index.php\/wp-json\/wp\/v2\/posts\/500\/revisions"}],"wp:attachment":[{"href":"http:\/\/www.esbike.org\/index.php\/wp-json\/wp\/v2\/media?parent=500"}],"wp:term":[{"taxonomy":"category","embeddable":true,"href":"http:\/\/www.esbike.org\/index.php\/wp-json\/wp\/v2\/categories?post=500"},{"taxonomy":"post_tag","embeddable":true,"href":"http:\/\/www.esbike.org\/index.php\/wp-json\/wp\/v2\/tags?post=500"}],"curies":[{"name":"wp","href":"https:\/\/api.w.org\/{rel}","templated":true}]}}