{"id":345,"date":"2007-05-06T21:05:28","date_gmt":"2007-05-06T18:05:28","guid":{"rendered":"http:\/\/www.esbike.org\/?p=345"},"modified":"2007-05-06T21:05:28","modified_gmt":"2007-05-06T18:05:28","slug":"06-05-2007-gaziantep-dag-bisikleti-yarisi","status":"publish","type":"post","link":"http:\/\/www.esbike.org\/index.php\/2007\/05\/06\/06-05-2007-gaziantep-dag-bisikleti-yarisi\/","title":{"rendered":"06.05.2007 Gaziantep Da\u011f Bisikleti Yar\u0131\u015f\u0131"},"content":{"rendered":"<p style=\"text-align: center;\"><span style=\"font-size: 14px;\"><strong>06.05.2007 Gaziantep Da\u011f Bisikleti Yar\u0131\u015f\u0131<\/strong><\/span><\/p>\n<hr \/>\n<p style=\"text-align: center;\"><img decoding=\"async\" src=\"http:\/\/esbike.org\/images\/icerikphoto\/esbiketarihi\/2007\/06.05.2007gaziantep\/output\/IMG_0295.JPG\" \/><\/p>\n<p style=\"text-align: center;\">\n<p style=\"text-align: center;\">Gaziantep D\u00fcl\u00fckbaba Orman\u0131nda yap\u0131lan Da\u011f Bisikleti yar\u0131\u015flar\u0131na kat\u0131ld\u0131k.Parkur olduk\u00e7a zevkli ve e\u011flenceliydi teknik yerleri tekrar ge\u00e7ebilmek i\u00e7in bir tur atmak i\u00e7in \u00e7aba g\u00f6steriyorduk.Yar\u0131\u015fma sonras\u0131 al\u0131nan ba\u015far\u0131 ve Gaziantep\u2019in yemeklerini yemek paha bi\u00e7ilemez.Eda bu yar\u0131\u015fta ya\u015f\u0131 bahane edilerek al\u0131nmam\u0131\u015ft\u0131 tam ya\u015f s\u0131n\u0131r\u0131ndayd\u0131 baz\u0131 yar\u0131\u015flara al\u0131yorlard\u0131 baz\u0131 yar\u0131\u015flara alm\u0131yorlard\u0131 bazen y\u0131ld\u0131z erkekler kategorisinde start alarak erkeklerde k\u00fcrs\u00fc yapacakt\u0131 neredeyse.<\/p>\n<p style=\"text-align: center;\"><img decoding=\"async\" src=\"http:\/\/esbike.org\/images\/icerikphoto\/esbiketarihi\/2007\/06.05.2007gaziantep\/output\/IMG_0095.JPG\" \/><\/p>\n<p style=\"text-align: center;\"><img decoding=\"async\" src=\"http:\/\/esbike.org\/images\/icerikphoto\/esbiketarihi\/2007\/06.05.2007gaziantep\/output\/IMG_0502.JPG\" \/><\/p>\n<p style=\"text-align: center;\"><img decoding=\"async\" src=\"http:\/\/esbike.org\/images\/icerikphoto\/esbiketarihi\/2007\/06.05.2007gaziantep\/output\/ant154.jpg\" \/><\/p>\n<p style=\"text-align: center;\"><img decoding=\"async\" src=\"http:\/\/esbike.org\/images\/icerikphoto\/esbiketarihi\/2007\/06.05.2007gaziantep\/output\/ant219.jpg\" \/><\/p>\n","protected":false},"excerpt":{"rendered":"<p>06.05.2007 Gaziantep Da\u011f Bisikleti Yar\u0131\u015f\u0131 Gaziantep D\u00fcl\u00fckbaba Orman\u0131nda yap\u0131lan Da\u011f Bisikleti yar\u0131\u015flar\u0131na kat\u0131ld\u0131k.Parkur olduk\u00e7a zevkli ve e\u011flenceliydi teknik yerleri tekrar ge\u00e7ebilmek i\u00e7in bir tur atmak i\u00e7in \u00e7aba g\u00f6steriyorduk.Yar\u0131\u015fma sonras\u0131 al\u0131nan ba\u015far\u0131 ve Gaziantep\u2019in yemeklerini yemek paha bi\u00e7ilemez.Eda bu yar\u0131\u015fta ya\u015f\u0131 bahane edilerek al\u0131nmam\u0131\u015ft\u0131 tam ya\u015f s\u0131n\u0131r\u0131ndayd\u0131 baz\u0131 yar\u0131\u015flara al\u0131yorlard\u0131 baz\u0131 yar\u0131\u015flara alm\u0131yorlard\u0131 bazen y\u0131ld\u0131z erkekler kategorisinde start alarak erkeklerde k\u00fcrs\u00fc<\/p>\n","protected":false},"author":1,"featured_media":0,"comment_status":"open","ping_status":"open","sticky":false,"template":"","format":"standard","meta":{"footnotes":""},"categories":[9],"tags":[50,66,75,96,159,160,213],"class_list":["post-345","post","type-post","status-publish","format-standard","hentry","category-esbiketarihi","tag-bisikleti","tag-dag","tag-dulukbaba","tag-gaziantep","tag-orman","tag-parkur","tag-yarisi"],"_links":{"self":[{"href":"http:\/\/www.esbike.org\/index.php\/wp-json\/wp\/v2\/posts\/345","targetHints":{"allow":["GET"]}}],"collection":[{"href":"http:\/\/www.esbike.org\/index.php\/wp-json\/wp\/v2\/posts"}],"about":[{"href":"http:\/\/www.esbike.org\/index.php\/wp-json\/wp\/v2\/types\/post"}],"author":[{"embeddable":true,"href":"http:\/\/www.esbike.org\/index.php\/wp-json\/wp\/v2\/users\/1"}],"replies":[{"embeddable":true,"href":"http:\/\/www.esbike.org\/index.php\/wp-json\/wp\/v2\/comments?post=345"}],"version-history":[{"count":0,"href":"http:\/\/www.esbike.org\/index.php\/wp-json\/wp\/v2\/posts\/345\/revisions"}],"wp:attachment":[{"href":"http:\/\/www.esbike.org\/index.php\/wp-json\/wp\/v2\/media?parent=345"}],"wp:term":[{"taxonomy":"category","embeddable":true,"href":"http:\/\/www.esbike.org\/index.php\/wp-json\/wp\/v2\/categories?post=345"},{"taxonomy":"post_tag","embeddable":true,"href":"http:\/\/www.esbike.org\/index.php\/wp-json\/wp\/v2\/tags?post=345"}],"curies":[{"name":"wp","href":"https:\/\/api.w.org\/{rel}","templated":true}]}}