{"id":323,"date":"2007-12-02T21:02:09","date_gmt":"2007-12-02T19:02:09","guid":{"rendered":"http:\/\/www.esbike.org\/?p=323"},"modified":"2007-12-02T21:02:09","modified_gmt":"2007-12-02T19:02:09","slug":"02-12-2007-kackar-bisiklet-cekmekoy-antrenman-yarislari","status":"publish","type":"post","link":"http:\/\/www.esbike.org\/index.php\/2007\/12\/02\/02-12-2007-kackar-bisiklet-cekmekoy-antrenman-yarislari\/","title":{"rendered":"02.12.2007 Ka\u00e7kar Bisiklet \u00c7ekmek\u00f6y Antrenman Yar\u0131\u015flar\u0131"},"content":{"rendered":"<p style=\"text-align: center;\"><span style=\"font-size: 14px;\"><strong>02.12.2007 1.Ka\u00e7kar Bisiklet Antrenman Yar\u0131\u015flar\u0131<\/strong><\/span><\/p>\n<hr \/>\n<p style=\"text-align: center;\"><img decoding=\"async\" src=\"http:\/\/esbike.org\/images\/icerikphoto\/esbiketarihi\/2007\/02.12.2007kackarcekmekoy\/output\/_K1X0178.jpg\" \/><img decoding=\"async\" src=\"http:\/\/esbike.org\/images\/icerikphoto\/esbiketarihi\/2007\/02.12.2007kackarcekmekoy\/output\/_0010072.jpg\" \/><\/p>\n<p style=\"text-align: center;\">\u0130stanbul \u00c7ekmek\u00f6y\u2019de yap\u0131lan yar\u0131\u015fmalar sezon kapan\u0131\u015f\u0131 olarak de\u011ferlendirdik kondisyonumuz iyi oldu\u011fu i\u00e7in k\u00fcrs\u00fcde yerimizi ald\u0131k.Art\u0131k yar\u0131\u015flara arabam\u0131zla gelip gidecektik y\u0131llar ge\u00e7tik\u00e7e geli\u015fmemiz s\u00fcr\u00fcyordu.<\/p>\n<p style=\"text-align: center;\"><img decoding=\"async\" src=\"http:\/\/esbike.org\/images\/icerikphoto\/esbiketarihi\/2007\/02.12.2007kackarcekmekoy\/output\/DSCN1021.JPG\" \/><\/p>\n<p style=\"text-align: center;\"><img decoding=\"async\" src=\"http:\/\/esbike.org\/images\/icerikphoto\/esbiketarihi\/2007\/02.12.2007kackarcekmekoy\/output\/_0010245.jpg\" \/><\/p>\n<p style=\"text-align: center;\"><img decoding=\"async\" src=\"http:\/\/esbike.org\/images\/icerikphoto\/esbiketarihi\/2007\/02.12.2007kackarcekmekoy\/output\/_0010290.jpg\" \/><\/p>\n","protected":false},"excerpt":{"rendered":"<p>02.12.2007 1.Ka\u00e7kar Bisiklet Antrenman Yar\u0131\u015flar\u0131 \u0130stanbul \u00c7ekmek\u00f6y\u2019de yap\u0131lan yar\u0131\u015fmalar sezon kapan\u0131\u015f\u0131 olarak de\u011ferlendirdik kondisyonumuz iyi oldu\u011fu i\u00e7in k\u00fcrs\u00fcde yerimizi ald\u0131k.Art\u0131k yar\u0131\u015flara arabam\u0131zla gelip gidecektik y\u0131llar ge\u00e7tik\u00e7e geli\u015fmemiz s\u00fcr\u00fcyordu.<\/p>\n","protected":false},"author":1,"featured_media":0,"comment_status":"open","ping_status":"open","sticky":false,"template":"","format":"standard","meta":{"footnotes":""},"categories":[9],"tags":[47,50,60,66,115,215],"class_list":["post-323","post","type-post","status-publish","format-standard","hentry","category-esbiketarihi","tag-bisiklet","tag-bisikleti","tag-cekmekoy","tag-dag","tag-kackar","tag-yarislari"],"_links":{"self":[{"href":"http:\/\/www.esbike.org\/index.php\/wp-json\/wp\/v2\/posts\/323","targetHints":{"allow":["GET"]}}],"collection":[{"href":"http:\/\/www.esbike.org\/index.php\/wp-json\/wp\/v2\/posts"}],"about":[{"href":"http:\/\/www.esbike.org\/index.php\/wp-json\/wp\/v2\/types\/post"}],"author":[{"embeddable":true,"href":"http:\/\/www.esbike.org\/index.php\/wp-json\/wp\/v2\/users\/1"}],"replies":[{"embeddable":true,"href":"http:\/\/www.esbike.org\/index.php\/wp-json\/wp\/v2\/comments?post=323"}],"version-history":[{"count":0,"href":"http:\/\/www.esbike.org\/index.php\/wp-json\/wp\/v2\/posts\/323\/revisions"}],"wp:attachment":[{"href":"http:\/\/www.esbike.org\/index.php\/wp-json\/wp\/v2\/media?parent=323"}],"wp:term":[{"taxonomy":"category","embeddable":true,"href":"http:\/\/www.esbike.org\/index.php\/wp-json\/wp\/v2\/categories?post=323"},{"taxonomy":"post_tag","embeddable":true,"href":"http:\/\/www.esbike.org\/index.php\/wp-json\/wp\/v2\/tags?post=323"}],"curies":[{"name":"wp","href":"https:\/\/api.w.org\/{rel}","templated":true}]}}