{"id":225,"date":"2006-09-18T20:48:02","date_gmt":"2006-09-18T17:48:02","guid":{"rendered":"http:\/\/www.esbike.org\/?p=225"},"modified":"2006-09-18T20:48:02","modified_gmt":"2006-09-18T17:48:02","slug":"18-09-2006-yalova-denizcali-dag-bisikleti-yarisi","status":"publish","type":"post","link":"http:\/\/www.esbike.org\/index.php\/2006\/09\/18\/18-09-2006-yalova-denizcali-dag-bisikleti-yarisi\/","title":{"rendered":"18.09.2006 Yalova Deniz\u00e7al\u0131 Da\u011f Bisikleti Yar\u0131\u015f\u0131"},"content":{"rendered":"<p style=\"text-align: center;\"><span style=\"font-size: 14px;\"><strong>18.09.2006 Yalova Deniz\u00e7al\u0131 Aksa Kupas\u0131<\/strong><\/span><\/p>\n<hr \/>\n<p style=\"text-align: center;\"><img decoding=\"async\" src=\"http:\/\/esbike.org\/images\/icerikphoto\/esbiketarihi\/2006\/18.09.2006yalovadenizcali\/output\/18-09-2006%20022.jpg\" \/><\/p>\n<p style=\"text-align: center;\">Yalova Ge\u00e7en y\u0131l\u0131n aksine g\u00fczel bir havayla bizi kar\u015f\u0131lad\u0131 yar\u0131\u015fa sporcu say\u0131m\u0131z\u0131 artt\u0131rarak.Ara\u00e7 kiralayarak gittik otob\u00fcsten sonra olduk\u00e7a rahat oluyormu\u015f.Konaklama ve yiyecek ihtiyac\u0131m\u0131z\u0131 Aksa kar\u015f\u0131lam\u0131\u015ft\u0131.Yar\u0131\u015fma parkuru herzamanki gibi e\u011flenceliydi ve Esbike olarak en sevdi\u011fimiz parkurlardan biri.<\/p>\n<p style=\"text-align: center;\"><img decoding=\"async\" src=\"http:\/\/esbike.org\/images\/icerikphoto\/esbiketarihi\/2006\/18.09.2006yalovadenizcali\/output\/18-09-2006%20011.jpg\" \/><\/p>\n<p style=\"text-align: center;\"><img decoding=\"async\" src=\"http:\/\/esbike.org\/images\/icerikphoto\/esbiketarihi\/2006\/18.09.2006yalovadenizcali\/output\/18-09-2006%20143.jpg\" \/><\/p>\n<p style=\"text-align: center;\"><img decoding=\"async\" src=\"http:\/\/esbike.org\/images\/icerikphoto\/esbiketarihi\/2006\/18.09.2006yalovadenizcali\/output\/101_0677.JPG\" \/><\/p>\n<p style=\"text-align: center;\">Organizasyon sorumlusu \u00dcnal Tolun saolsun yurtd\u0131\u015f\u0131ndanda yabanc\u0131 sporcular getirmi\u015fti yar\u0131\u015fma daha profesyonel bir hal ald\u0131.Dolay\u0131s\u0131yla onlarla yar\u0131\u015fmak i\u00e7in daha \u00e7ok basmam\u0131z gerekecekti.Gen\u00e7lerde Abdurrahman Dandal Esbike olarak 2.olarak k\u00fcrs\u00fcde yerini ald\u0131.Eda gen\u00e7 bayanlarda 1. Di\u011fer sporcular ilk 10 i\u00e7inde yerini ald\u0131lar.<\/p>\n<p style=\"text-align: center;\"><img decoding=\"async\" src=\"http:\/\/esbike.org\/images\/icerikphoto\/esbiketarihi\/2006\/18.09.2006yalovadenizcali\/output\/18-09-2006%20161.jpg\" \/><\/p>\n<p style=\"text-align: center;\"><img decoding=\"async\" src=\"http:\/\/esbike.org\/images\/icerikphoto\/esbiketarihi\/2006\/18.09.2006yalovadenizcali\/output\/101_0613.JPG\" \/><\/p>\n<p style=\"text-align: center;\"><img decoding=\"async\" src=\"http:\/\/esbike.org\/images\/icerikphoto\/esbiketarihi\/2006\/18.09.2006yalovadenizcali\/output\/18-09-2006%20005.jpg\" \/><\/p>\n<p>&nbsp;<\/p>\n","protected":false},"excerpt":{"rendered":"<p>18.09.2006 Yalova Deniz\u00e7al\u0131 Aksa Kupas\u0131 Yalova Ge\u00e7en y\u0131l\u0131n aksine g\u00fczel bir havayla bizi kar\u015f\u0131lad\u0131 yar\u0131\u015fa sporcu say\u0131m\u0131z\u0131 artt\u0131rarak.Ara\u00e7 kiralayarak gittik otob\u00fcsten sonra olduk\u00e7a rahat oluyormu\u015f.Konaklama ve yiyecek ihtiyac\u0131m\u0131z\u0131 Aksa kar\u015f\u0131lam\u0131\u015ft\u0131.Yar\u0131\u015fma parkuru herzamanki gibi e\u011flenceliydi ve Esbike olarak en sevdi\u011fimiz parkurlardan biri. Organizasyon sorumlusu \u00dcnal Tolun saolsun yurtd\u0131\u015f\u0131ndanda yabanc\u0131 sporcular getirmi\u015fti yar\u0131\u015fma daha profesyonel bir hal ald\u0131.Dolay\u0131s\u0131yla onlarla yar\u0131\u015fmak i\u00e7in daha<\/p>\n","protected":false},"author":1,"featured_media":0,"comment_status":"open","ping_status":"open","sticky":false,"template":"","format":"standard","meta":{"footnotes":""},"categories":[9],"tags":[47,50,66,71,212,213],"class_list":["post-225","post","type-post","status-publish","format-standard","hentry","category-esbiketarihi","tag-bisiklet","tag-bisikleti","tag-dag","tag-denizcali","tag-yalova","tag-yarisi"],"_links":{"self":[{"href":"http:\/\/www.esbike.org\/index.php\/wp-json\/wp\/v2\/posts\/225","targetHints":{"allow":["GET"]}}],"collection":[{"href":"http:\/\/www.esbike.org\/index.php\/wp-json\/wp\/v2\/posts"}],"about":[{"href":"http:\/\/www.esbike.org\/index.php\/wp-json\/wp\/v2\/types\/post"}],"author":[{"embeddable":true,"href":"http:\/\/www.esbike.org\/index.php\/wp-json\/wp\/v2\/users\/1"}],"replies":[{"embeddable":true,"href":"http:\/\/www.esbike.org\/index.php\/wp-json\/wp\/v2\/comments?post=225"}],"version-history":[{"count":0,"href":"http:\/\/www.esbike.org\/index.php\/wp-json\/wp\/v2\/posts\/225\/revisions"}],"wp:attachment":[{"href":"http:\/\/www.esbike.org\/index.php\/wp-json\/wp\/v2\/media?parent=225"}],"wp:term":[{"taxonomy":"category","embeddable":true,"href":"http:\/\/www.esbike.org\/index.php\/wp-json\/wp\/v2\/categories?post=225"},{"taxonomy":"post_tag","embeddable":true,"href":"http:\/\/www.esbike.org\/index.php\/wp-json\/wp\/v2\/tags?post=225"}],"curies":[{"name":"wp","href":"https:\/\/api.w.org\/{rel}","templated":true}]}}