{"id":195,"date":"2006-10-07T20:42:02","date_gmt":"2006-10-07T17:42:02","guid":{"rendered":"http:\/\/www.esbike.org\/?p=195"},"modified":"2006-10-07T20:42:02","modified_gmt":"2006-10-07T17:42:02","slug":"07-10-2006-2-bozcaada-dag-bisikleti-maratonu","status":"publish","type":"post","link":"http:\/\/www.esbike.org\/index.php\/2006\/10\/07\/07-10-2006-2-bozcaada-dag-bisikleti-maratonu\/","title":{"rendered":"07.10.2006 2.Bozcaada Da\u011f Bisikleti Maratonu"},"content":{"rendered":"<p style=\"text-align: center;\"><span style=\"font-size: 14px;\"><strong>07.10.2006 2.Bozcaada Da\u011f Bisikleti Maratonu<\/strong><\/span><\/p>\n<hr \/>\n<p style=\"text-align: center;\"><img decoding=\"async\" src=\"http:\/\/esbike.org\/images\/icerikphoto\/esbiketarihi\/2006\/07.10.2006bozcaada2\/output\/02.10.2006%20003.jpg\" \/><\/p>\n<p style=\"text-align: center;\">\u00d6nceki y\u0131l yap\u0131lan yar\u0131\u015f parkurundan daha k\u0131sa bir alanda yap\u0131lan yar\u0131\u015fmaya kat\u0131l\u0131mda \u00f6nceki y\u0131la oranla azalm\u0131\u015ft\u0131.Esbike olarak parkuru tan\u0131yorduk ve daha tecr\u00fcbeliydik.Yar\u0131\u015fma sonras\u0131 ald\u0131\u011f\u0131m\u0131z derecelerle ba\u015far\u0131l\u0131 bir \u015fekilde yar\u0131\u015f\u0131 tamamlad\u0131k.<\/p>\n<p style=\"text-align: center;\"><img decoding=\"async\" src=\"http:\/\/esbike.org\/images\/icerikphoto\/esbiketarihi\/2006\/07.10.2006bozcaada2\/output\/02.10.2006%20171.jpg\" \/><\/p>\n<p style=\"text-align: center;\">Bu yar\u0131\u015ftan g\u00fcn\u00fcm\u00fcze kadar Bozcaada\u2019da yar\u0131\u015f yap\u0131lmad\u0131 yerel y\u00f6netim deste\u011fi bu konuda \u00f6nemli umar\u0131z geleneksel hale gelir ve bu g\u00fczel yerle\u015fim yerinde bisiklet yar\u0131\u015flar\u0131 uluslararas\u0131 bir konuma gelir.<\/p>\n<p style=\"text-align: center;\">\n<p style=\"text-align: center;\"><img decoding=\"async\" src=\"http:\/\/esbike.org\/images\/icerikphoto\/esbiketarihi\/2006\/07.10.2006bozcaada2\/output\/boz130.jpg\" \/><\/p>\n<p style=\"text-align: center;\"><img decoding=\"async\" src=\"http:\/\/esbike.org\/images\/icerikphoto\/esbiketarihi\/2006\/07.10.2006bozcaada2\/output\/02.10.2006%20142.jpg\" \/><\/p>\n<p style=\"text-align: center;\">\n<p>&nbsp;<\/p>\n","protected":false},"excerpt":{"rendered":"<p>07.10.2006 2.Bozcaada Da\u011f Bisikleti Maratonu \u00d6nceki y\u0131l yap\u0131lan yar\u0131\u015f parkurundan daha k\u0131sa bir alanda yap\u0131lan yar\u0131\u015fmaya kat\u0131l\u0131mda \u00f6nceki y\u0131la oranla azalm\u0131\u015ft\u0131.Esbike olarak parkuru tan\u0131yorduk ve daha tecr\u00fcbeliydik.Yar\u0131\u015fma sonras\u0131 ald\u0131\u011f\u0131m\u0131z derecelerle ba\u015far\u0131l\u0131 bir \u015fekilde yar\u0131\u015f\u0131 tamamlad\u0131k. Bu yar\u0131\u015ftan g\u00fcn\u00fcm\u00fcze kadar Bozcaada\u2019da yar\u0131\u015f yap\u0131lmad\u0131 yerel y\u00f6netim deste\u011fi bu konuda \u00f6nemli umar\u0131z geleneksel hale gelir ve bu g\u00fczel yerle\u015fim yerinde bisiklet yar\u0131\u015flar\u0131 uluslararas\u0131<\/p>\n","protected":false},"author":1,"featured_media":0,"comment_status":"open","ping_status":"open","sticky":false,"template":"","format":"standard","meta":{"footnotes":""},"categories":[9],"tags":[47,53,66,139,213],"class_list":["post-195","post","type-post","status-publish","format-standard","hentry","category-esbiketarihi","tag-bisiklet","tag-bozcaada","tag-dag","tag-maraton","tag-yarisi"],"_links":{"self":[{"href":"http:\/\/www.esbike.org\/index.php\/wp-json\/wp\/v2\/posts\/195","targetHints":{"allow":["GET"]}}],"collection":[{"href":"http:\/\/www.esbike.org\/index.php\/wp-json\/wp\/v2\/posts"}],"about":[{"href":"http:\/\/www.esbike.org\/index.php\/wp-json\/wp\/v2\/types\/post"}],"author":[{"embeddable":true,"href":"http:\/\/www.esbike.org\/index.php\/wp-json\/wp\/v2\/users\/1"}],"replies":[{"embeddable":true,"href":"http:\/\/www.esbike.org\/index.php\/wp-json\/wp\/v2\/comments?post=195"}],"version-history":[{"count":0,"href":"http:\/\/www.esbike.org\/index.php\/wp-json\/wp\/v2\/posts\/195\/revisions"}],"wp:attachment":[{"href":"http:\/\/www.esbike.org\/index.php\/wp-json\/wp\/v2\/media?parent=195"}],"wp:term":[{"taxonomy":"category","embeddable":true,"href":"http:\/\/www.esbike.org\/index.php\/wp-json\/wp\/v2\/categories?post=195"},{"taxonomy":"post_tag","embeddable":true,"href":"http:\/\/www.esbike.org\/index.php\/wp-json\/wp\/v2\/tags?post=195"}],"curies":[{"name":"wp","href":"https:\/\/api.w.org\/{rel}","templated":true}]}}