{"id":1878,"date":"2020-02-18T16:35:33","date_gmt":"2020-02-18T13:35:33","guid":{"rendered":"http:\/\/www.esbike.org\/?p=1878"},"modified":"2020-02-22T23:46:22","modified_gmt":"2020-02-22T20:46:22","slug":"turkmen-dagi-doga-yuruyusu","status":"publish","type":"post","link":"http:\/\/www.esbike.org\/index.php\/2020\/02\/18\/turkmen-dagi-doga-yuruyusu\/","title":{"rendered":"T\u00fcrkmen Da\u011f\u0131 Do\u011fa Y\u00fcr\u00fcy\u00fc\u015f\u00fc 16.02.2020"},"content":{"rendered":"\n<figure class=\"wp-block-embed-youtube wp-block-embed is-type-video is-provider-youtube wp-embed-aspect-16-9 wp-has-aspect-ratio\"><div class=\"wp-block-embed__wrapper\">\n<iframe loading=\"lazy\"  id=\"_ytid_13830\"  width=\"860\" height=\"484\"  data-origwidth=\"860\" data-origheight=\"484\" src=\"https:\/\/www.youtube.com\/embed\/pM4yVv_s31s?enablejsapi=1&#038;autoplay=1&#038;cc_load_policy=0&#038;cc_lang_pref=&#038;iv_load_policy=1&#038;loop=0&#038;rel=1&#038;fs=1&#038;playsinline=0&#038;autohide=2&#038;theme=dark&#038;color=red&#038;controls=1&#038;disablekb=0&#038;\" class=\"__youtube_prefs__  epyt-is-override  no-lazyload\" title=\"YouTube player\"  allow=\"fullscreen; accelerometer; autoplay; clipboard-write; encrypted-media; gyroscope; picture-in-picture; web-share\" referrerpolicy=\"strict-origin-when-cross-origin\" allowfullscreen data-no-lazy=\"1\" data-skipgform_ajax_framebjll=\"\"><\/iframe>\n<\/div><\/figure>\n\n\n\n<p>Eski\u015fehir&#8217;in G\u00fcneyinde yer alan yemye\u015fil \u00e7am a\u011fa\u00e7lar\u0131yla \u00f6rt\u00fcl\u00fc \u00e7evresindeki arkada\u015flar\u0131na g\u00f6re y\u00fcksek olan bir da\u011f\u0131m\u0131z zirvesi 1835m ve T\u00fcrkmenbaba Tepesi olarak an\u0131lmaktad\u0131r.Zirvenin hemen yamac\u0131nda yang\u0131n s\u00f6nd\u00fcrme ama\u00e7l\u0131 yap\u0131lan bir g\u00f6leti ve G\u00fcll\u00fcdere k\u00f6yl\u00fclerinin yaz aylar\u0131nda u\u011frak yeri olan yaylas\u0131 ve k\u00f6y evi bulunmaktad\u0131r.<\/p>\n\n\n\n<p><\/p>\n\n\n\n<p>K\u0131\u015f aylar\u0131nda Eski\u015fehir&#8217;den buraya gelmek neredeyse imkans\u0131zla\u015fmaktad\u0131r.Kar Eski\u015fehir yama\u00e7lar\u0131nda olduk\u00e7a \u00e7ok ve yollar ula\u015f\u0131ma izin vermemektedir.Peki nas\u0131l gideriz.G\u00fcne\u015f g\u00f6ren yama\u00e7lar eriyece\u011fi i\u00e7in da\u011f\u0131n arkas\u0131na dolan\u0131r\u0131z ve en az\u0131ndan daha kolay eri\u015fme imkan\u0131m\u0131z oluyor.<\/p>\n\n\n\n<p>Sabah g\u00fcne\u015fin do\u011fmas\u0131yla haz\u0131rlad\u0131\u011f\u0131m\u0131z \u00e7antalar\u0131 s\u0131rtlan\u0131p yar\u0131 uykulu halde apar topar kahvalt\u0131 yap\u0131p bir a\u011f\u0131zdanda ne i\u015fim var pazar g\u00fcn\u00fc da\u011flarda diyerek toplanma yerine geldik \u00e7o\u011funlu\u011fumuzun bu \u015fekilde d\u00fc\u015f\u00fcnd\u00fc\u011f\u00fcn\u00fc biliyorum \ud83d\ude42<\/p>\n\n\n\n<p>Ekibimiz 35 ki\u015fi civar\u0131ndayd\u0131 ve buda k\u0131\u015f y\u00fcr\u00fcy\u00fc\u015f\u00fc i\u00e7in lideri yoracak bir say\u0131 ancak deneyimlerimizle g\u00fczel bir g\u00fcn i\u00e7in yola \u00e7\u0131kt\u0131k.\u0130lk molam\u0131z\u0131 K\u0131rka&#8217;da Saray Pide&#8217;de Orhan ustan\u0131n g\u00fczel \u00e7orbas\u0131ndan i\u00e7erek g\u00f6zlerimiz parlad\u0131 ve yola devam ettik.K\u0131rkadan sonra bir ka\u00e7 k\u00f6y ge\u00e7erek en son k\u00f6y olan G\u00fcll\u00fcdere&#8217;ye ula\u015ft\u0131k ama epey zorlu bir yoldan geldik.Ormanc\u0131lar kesim yap\u0131yordu ve yolda kocaman bir k\u00fct\u00fckle ge\u00e7i\u015fimiz engellemi\u015fti ve trakt\u00f6r\u00fcn gelip yolu a\u00e7mas\u0131 15dk ekip \u00e7al\u0131\u015fmas\u0131n\u0131n tam zaman\u0131yd\u0131.<\/p>\n\n\n\n<figure class=\"wp-block-image size-large\"><img decoding=\"async\" src=\"https:\/\/lh3.googleusercontent.com\/BPV_6uD9DcWamZWsLX3Hbc2AtkrLdc-rLPfgMc2b5gc6uDGtHr3u1ZJKubSsJvuFc7jgIg4JWiYTv-G2M08-GGGBM34U8edmvwTHBXmMcmWEb3zKDzO4nhn6D4PMDOTLh6rnSlckeZI=w2400\" alt=\"\"\/><\/figure>\n\n\n\n<p>Ara\u00e7tan t\u00fcm erkekler indik ve koca k\u00fct\u00fc\u011f\u00fc yolun kenar\u0131na ald\u0131k.Yola devam edebilirdik derken bu seferde ara\u00e7 patinaj \u00e7ekmeye ba\u015flad\u0131 bir ileri iki geri derken o tepeyide atlatt\u0131k.\u00c7amurlu yolda zorlanarak ilerledik.K\u00f6ye az kalm\u0131\u015ft\u0131 bu seferde bir trakt\u00f6r tarlaya tezek bo\u015falt\u0131yordu onu bekledik.Gelin arabas\u0131 gibi dura kalka gidece\u011fimiz noktaya ula\u015ft\u0131k.G\u00fcll\u00fcdere k\u00f6y\u00fcnde ba\u015flayan y\u00fcr\u00fcy\u00fc\u015f\u00fcm\u00fcz zirveye kadar s\u00fcrecekti.Rotam\u0131z\u0131 buna g\u00f6re haz\u0131rlam\u0131\u015ft\u0131k T\u00fcrkmenbabaya \u00e7\u0131kacakt\u0131k fakat elveri\u015fsiz k\u0131\u015f ko\u015fullar\u0131 ve grubun donan\u0131m\u0131 buna m\u00fcsade edemeyece\u011fi i\u00e7in g\u00fcvenlik \u00f6n planda oldu\u011fu i\u00e7in zirve alt\u0131ndan 1650m civar\u0131 irtifaya kadar t\u0131rmand\u0131k.<\/p>\n\n\n\n<figure class=\"wp-block-image size-large\"><img decoding=\"async\" src=\"https:\/\/lh3.googleusercontent.com\/EuOxHl0F8kgXvXpcy0JGYXeKfunbJ8TfhVf1xGNucVF1DXvrojRbm2wTjcqQKzdzigUzDUgUm-mDUYm6m5gibeQ_IG3A077evtIplQUVABrUxAc_2Mxdkw7JS5Tb5q5ioMZd534LRKc=w2400\" alt=\"\"\/><\/figure>\n\n\n\n<p>Karl\u0131 arazi mesafe azda olsa epey zorlay\u0131c\u0131 bir etmen.Bunun \u00fcst\u00fcne r\u00fczgar g\u00f6zg\u00f6z\u00fc g\u00f6rmeyecek yo\u011funlukta bir sis ve so\u011fuk hava eklenince tad\u0131ndan yenmez bir y\u00fcr\u00fcy\u00fc\u015f oldu.Arkadan gelenler i\u00e7in e\u011flencelidir ama en \u00f6nde gidenin y\u00fck\u00fcn\u00fc tahmin etmek istemezsiniz.Grubun t\u00fcm sorumlulu\u011fu onda \u00f6n\u00fcn\u00fc g\u00f6remiyor sonu\u00e7ta oda bir insan gps yard\u0131m\u0131yla yer yer \u00f6n sezileri kullanarak tecr\u00fcbeyle nokta at\u0131\u015f\u0131 hedefe ula\u015ft\u0131k tepede ilk mola verece\u011fimiz ev y\u0131k\u0131lm\u0131\u015ft\u0131 fakat arta kalan odunlar bizim i\u00e7in ate\u015f yakmam\u0131z i\u00e7in laz\u0131md\u0131 ve onlar\u0131 ald\u0131k.<\/p>\n\n\n\n<figure class=\"wp-block-image size-large\"><img decoding=\"async\" src=\"https:\/\/lh3.googleusercontent.com\/C39RasG2_ZEYmyyiVkafVtrq1q7rvILq03zvECNspsaq0opTryilhsEV93ebOPnhneOF8zXnLcPWq5SyPPTgKbmDOISaw09Q2ECm8qs88Qv8a_PxYflpSIXPS-AOwyC3mVfCYistGqQ=w2400\" alt=\"\"\/><\/figure>\n\n\n\n<p>Herkes epey yorgun g\u00f6z\u00fck\u00fcyordu ve h\u0131zl\u0131 karar vermek gerekiyordu.Ya g\u00f6lden ge\u00e7erek yolu 1km k\u0131saltacakt\u0131k yada \u00e7evresini dolanacakt\u0131k tipide \u00fc\u015f\u00fcmemiz ve olas\u0131 aksakl\u0131klarda cabas\u0131. Risk fakt\u00f6r\u00fc her y\u00fcr\u00fcy\u00fc\u015fte vard\u0131r fakat \u00f6nleminizi al\u0131rsan\u0131z ve b\u00f6lgeyide iyi tan\u0131yorsan\u0131z s\u0131k\u0131nt\u0131 yaratacak bir etmen olmaz.G\u00f6l\u00fcn \u00fczerinden t\u00fcm ekip\u00e7e ge\u00e7tik tamamen dondu\u011fu i\u00e7in k\u0131r\u0131lma riski hi\u00e7 yoktu bu y\u00fckseklikte ve k\u0131\u015f boyu sert ge\u00e7en iklimden dolay\u0131 erimeside m\u00fcmk\u00fcn de\u011fil zaten.<\/p>\n\n\n\n<figure class=\"wp-block-image size-large\"><img decoding=\"async\" src=\"https:\/\/lh3.googleusercontent.com\/QAv-Pon_pRaiuToU_gU5oDnoR66WiNLaPzGa0go0BS_Q_6f5QkXWpkC2q_eZDR4dsYhwZfyr4yhtCR8zw4Cwp-2fXYL00XNNvKOVBJKSPSnaXvArng2UPxoaExo-8aVSbi06y2rk3Ks=w2400\" alt=\"\"\/><\/figure>\n\n\n\n<p>Rotay\u0131 tayin ettikten sonra g\u00f6l\u00fc ge\u00e7meye ba\u015flad\u0131k g\u00f6l \u00fczerinden 1m \u00f6n\u00fcm\u00fc bile g\u00f6remiyordum sadece gps ile ilerledik sona yakla\u015ft\u0131\u011f\u0131m\u0131zda g\u00fczel havalarda g\u00f6rd\u00fc\u011f\u00fcm a\u011fac\u0131 hayali olarak g\u00f6rd\u00fcm ve ona g\u00f6re konumu ald\u0131m.Bu esnada grup \u00fcyelerinden y\u00fckselen seslere kar\u015f\u0131da olgunlu\u011fu korumak ve bildi\u011finden \u015fa\u015fmadan gitmek liderlik gere\u011fi aksi halde karga\u015fa endi\u015fe ve sonucundada da\u011f\u0131lan bir grup olur.<\/p>\n\n\n\n<figure class=\"wp-block-image size-large\"><img decoding=\"async\" src=\"https:\/\/lh3.googleusercontent.com\/x42z4Fy_Kv8nNU8OjDqXJ-fEuWYmhcNwfaqoGAupiVcMZ6rSnZmzF2NILOiG5H1LDNVIldqzu49GjRTJmBZ9TpBV1ttPf5dxGAkZiWUuejzNXCta63tLi1bvNMKK8RvI9YyeWfLo_oM=w2400\" alt=\"\"\/><\/figure>\n\n\n\n<p>\u00c7\u00fcnk\u00fc herkes size tabi ve bu yolda sizin izinizden geliyor g\u00fcvencelerini sa\u011flaman\u0131z gerekiyor.Onuda ba\u015fard\u0131ktan sonra son molam\u0131z olan G\u00fcll\u00fcdere evine ula\u015ft\u0131k.<\/p>\n\n\n\n<figure class=\"wp-block-image size-large\"><img decoding=\"async\" src=\"https:\/\/lh3.googleusercontent.com\/jKySEGPRT7VNAqQlsoPL2W8D-kHKEmARto2RT4AqdYoP_XRucG5h7aC7bnhY6UlBr1DdhAHsppT8a4a0UJs0NAlcebEZkgDbiPoSuHBDns_ThopWpQJ2t-bru-DgFqpKwpVeUSjKZqM=w2400\" alt=\"\"\/><\/figure>\n\n\n\n<p>Yan\u0131m\u0131zda getirdi\u011fimiz sucuklar\u0131 \u015f\u00f6minede yapmam\u0131z ve karn\u0131m\u0131z\u0131 doyurmam\u0131z gerekiyor ekibe s\u00f6z vermi\u015ftik.Islak odunlar\u0131 yakmak i\u015fin en zor yan\u0131, \u00e7\u00f6plerle ve \u00f6nceden toplad\u0131\u011f\u0131m\u0131z odunlar\u0131 ufak ufak yakarak ate\u015fi g\u00fc\u00e7lendirdik ve yemek yapmaya haz\u0131r hale geldi.Hava \u00e7ok so\u011fuktu binan\u0131n i\u00e7inde olmam\u0131za ra\u011fmen \u0131s\u0131nmam\u0131z uzun s\u00fcr\u00fcyordu 1 saat molan\u0131n ard\u0131ndan d\u00f6n\u00fc\u015fe ge\u00e7me vaktimiz geldi.<\/p>\n\n\n\n<figure class=\"wp-block-image size-large\"><img decoding=\"async\" src=\"https:\/\/lh3.googleusercontent.com\/YhoJBwjk6wQBqyTI2pvMkqrzBordiSuciVrTgxHFfwmH0_Ueu_fTgmV5p7k6erUTiEnrQ5WPrrEUKYNUi5opBOaIaixyIixdVYD6ipMPjjILtkgow66ZNndFAvteK5cpuiTPSkFhc0o=w2400\" alt=\"\"\/><\/figure>\n\n\n\n<p>Geldi\u011fimize oranla sis miktar\u0131 artm\u0131\u015f g\u00f6z g\u00f6z\u00fc g\u00f6rmeyen bir hal alm\u0131\u015ft\u0131 ve havada so\u011fumu\u015ftu en k\u0131sa rotadan a\u015fa\u011f\u0131 inelim sesleri geliyordu.G\u00f6lden gitmek yerine alternatif rotadan inmeyi tercih ettim.Kar yer yer dizimizi a\u015f\u0131yordu ve en \u00f6nde yolu a\u00e7t\u0131\u011f\u0131m i\u00e7in beni epey zorluyordu allahtan sporcuyuz kondisyon sa\u011flam rahatl\u0131kla ilerleyebildik.<\/p>\n\n\n\n<figure class=\"wp-block-image size-large\"><img decoding=\"async\" src=\"https:\/\/lh3.googleusercontent.com\/nX7xal-Vk_lVWId37Fpo35mIT-7pYW22h6KI7mBsfmWphwvrON4gkqr9Us_wfU0ypBu0dhZSRt7sr3clZlTlEf0VNswL0N1mtygN4nxxdFuHsW0EB5pVDWBa6wppdcfPQGUeZeq0kuM=w2400\" alt=\"\"\/><\/figure>\n\n\n\n<p>Ekip hareketli ve e\u011flenmeyi seven \u00e7ocuklar gibi \u015fen bir ekip yol boyunca birbirimizi yere atarak \u00fcst \u00fcste \u00e7\u0131karak \u00e7ocuklu\u011fumuza geri d\u00f6nd\u00fck.En sonunda beni al\u0131p yere at\u0131p \u00fcst\u00fcme \u00e7\u0131k\u0131p k\u0131sa bir s\u00fcre nefesimi kestiklerinde rotada gitti bende grubun bir k\u0131sm\u0131da yanl\u0131\u015f y\u00f6ne benden \u00f6nce gidince onlar\u0131 durdural\u0131m d\u00f6nelim derken 1 km rotadan sapt\u0131k.Asl\u0131nda herkesin i\u015fine geldi bu g\u00fczel atmosferde biraz daha fazla zaman ge\u00e7irmi\u015f olduk ve karlar \u00fclkesinden 14km y\u00fcr\u00fcyerek etkinli\u011fimizi tamamlad\u0131k.Belkide bu y\u0131l\u0131n son karl\u0131 etkinli\u011fini yapt\u0131k art\u0131k bahar geliyor ve bu g\u00fczel etkinlik haf\u0131zalarda yerini alacakt\u0131.<\/p>\n\n\n\n<figure class=\"wp-block-image size-large\"><img decoding=\"async\" src=\"https:\/\/lh3.googleusercontent.com\/SF92SYZglOr77pdvI-v7NAX7cU2xwK3DmDxh4sVRn5bEN0kQprG2uU6Q3DJLnnRpPi0zcPTURO2lUx7yJycPe2lA0QiRJzDiQR8i8COc6ScGiJDBoUK-0XPqO9Wt3jAjPvYchMUCnCo=w2400\" alt=\"\"\/><\/figure>\n\n\n\n<p>K\u00f6ye geldik otob\u00fcs\u00fc g\u00f6r\u00fcnce y\u0131llard\u0131r g\u00f6r\u00fc\u015fmedi\u011fimiz akrabam\u0131zla bulu\u015fmu\u015f\u00e7as\u0131na sevin\u00e7le araca ko\u015ftuk ve evin yolunu tuttuk bu sefer zorlu yol yerine daha temiz ve koaly yoldan K\u0131rka&#8217;ya indik ve Ak\u015fam saatlerinde Eski\u015fehir&#8217;e ula\u015ft\u0131k.\u015eehrimizde y\u00fczlerce g\u00fczel rota var bunlar\u0131 ESDAG ve ESBIKE ekiplerimize par\u00e7a par\u00e7a g\u00f6steriyoruz. <\/p>\n\n\n\n<figure class=\"wp-block-image size-large\"><img decoding=\"async\" src=\"https:\/\/lh3.googleusercontent.com\/3dGV68ldilOXKoCkCVIsbQ2IBJlAa_doDD0VLRVwTlfUr-Jjzr1BSWqb6vGRVZU_STOsjxsIbZa6DANAlONyf5rJYbx3tURzkNHKRszQAgc9BAWbUBm00r8HvqfssYgmoJIrniVXrJ0=w2400\" alt=\"\"\/><\/figure>\n\n\n\n<p>Saymakla bitmeyecek kadar g\u00fczel rotalar\u0131m\u0131z\u0131 bahar\u0131n gelmesiyle sizlerle payla\u015fmaya devam edece\u011fiz.ESDAG ekip art\u00e7\u0131lar\u0131m\u0131z Mustafa Yenihal &#8211; Sad\u0131k Erez &#8211; Yasin G\u00fcltekin &#8211; Utuk K\u00fcrek\u00e7i &#8211; Metehan Asar &#8211; Emre \u00d6zkurt&#8217;a ve t\u00fcm kat\u0131l\u0131mc\u0131lar\u0131m\u0131za bize olan g\u00fcvenlerinden ve spora olan \u00f6zverilerinden dolay\u0131 te\u015fekk\u00fcr ediyorum.Bizi takip etmeyi unutmay\u0131n hem youtube hem instagramda ve Facebook&#8217;tay\u0131z. Etkinliklerimizide sosyal medya arac\u0131l\u0131\u011f\u0131 ile payla\u015f\u0131yoruz.<\/p>\n\n\n\n<p class=\"has-text-align-center\"><strong><a href=\"https:\/\/photos.app.goo.gl\/v14bCnzUGPiaB5b19\">ETK\u0130NL\u0130\u011e\u0130M\u0130Z\u0130N T\u00dcM FOTOGRAFLARI \u0130\u00c7\u0130N TIKLAYINIZ<\/a><\/strong><\/p>\n\n\n\n<p><\/p>\n","protected":false},"excerpt":{"rendered":"<p>Eski\u015fehir&#8217;in G\u00fcneyinde yer alan yemye\u015fil \u00e7am a\u011fa\u00e7lar\u0131yla \u00f6rt\u00fcl\u00fc \u00e7evresindeki arkada\u015flar\u0131na g\u00f6re y\u00fcksek olan bir da\u011f\u0131m\u0131z zirvesi 1835m ve T\u00fcrkmenbaba Tepesi olarak an\u0131lmaktad\u0131r.Zirvenin hemen yamac\u0131nda yang\u0131n s\u00f6nd\u00fcrme ama\u00e7l\u0131 yap\u0131lan bir g\u00f6leti ve G\u00fcll\u00fcdere k\u00f6yl\u00fclerinin yaz aylar\u0131nda u\u011frak yeri olan yaylas\u0131 ve k\u00f6y evi bulunmaktad\u0131r. K\u0131\u015f aylar\u0131nda Eski\u015fehir&#8217;den buraya gelmek neredeyse imkans\u0131zla\u015fmaktad\u0131r.Kar Eski\u015fehir yama\u00e7lar\u0131nda olduk\u00e7a \u00e7ok ve yollar ula\u015f\u0131ma izin vermemektedir.Peki nas\u0131l<\/p>\n","protected":false},"author":1,"featured_media":1880,"comment_status":"open","ping_status":"closed","sticky":false,"template":"","format":"standard","meta":{"footnotes":""},"categories":[6],"tags":[],"class_list":["post-1878","post","type-post","status-publish","format-standard","has-post-thumbnail","hentry","category-dogayuruyusu"],"_links":{"self":[{"href":"http:\/\/www.esbike.org\/index.php\/wp-json\/wp\/v2\/posts\/1878","targetHints":{"allow":["GET"]}}],"collection":[{"href":"http:\/\/www.esbike.org\/index.php\/wp-json\/wp\/v2\/posts"}],"about":[{"href":"http:\/\/www.esbike.org\/index.php\/wp-json\/wp\/v2\/types\/post"}],"author":[{"embeddable":true,"href":"http:\/\/www.esbike.org\/index.php\/wp-json\/wp\/v2\/users\/1"}],"replies":[{"embeddable":true,"href":"http:\/\/www.esbike.org\/index.php\/wp-json\/wp\/v2\/comments?post=1878"}],"version-history":[{"count":4,"href":"http:\/\/www.esbike.org\/index.php\/wp-json\/wp\/v2\/posts\/1878\/revisions"}],"predecessor-version":[{"id":1894,"href":"http:\/\/www.esbike.org\/index.php\/wp-json\/wp\/v2\/posts\/1878\/revisions\/1894"}],"wp:featuredmedia":[{"embeddable":true,"href":"http:\/\/www.esbike.org\/index.php\/wp-json\/wp\/v2\/media\/1880"}],"wp:attachment":[{"href":"http:\/\/www.esbike.org\/index.php\/wp-json\/wp\/v2\/media?parent=1878"}],"wp:term":[{"taxonomy":"category","embeddable":true,"href":"http:\/\/www.esbike.org\/index.php\/wp-json\/wp\/v2\/categories?post=1878"},{"taxonomy":"post_tag","embeddable":true,"href":"http:\/\/www.esbike.org\/index.php\/wp-json\/wp\/v2\/tags?post=1878"}],"curies":[{"name":"wp","href":"https:\/\/api.w.org\/{rel}","templated":true}]}}