{"id":1811,"date":"2019-12-01T00:39:28","date_gmt":"2019-11-30T21:39:28","guid":{"rendered":"http:\/\/www.esbike.org\/?p=1811"},"modified":"2020-02-19T12:11:22","modified_gmt":"2020-02-19T09:11:22","slug":"esdag-gece-yuruyusu-gerceklesti","status":"publish","type":"post","link":"http:\/\/www.esbike.org\/index.php\/2019\/12\/01\/esdag-gece-yuruyusu-gerceklesti\/","title":{"rendered":"Esdag Gece Y\u00fcr\u00fcy\u00fc\u015f\u00fc Ger\u00e7ekle\u015fti"},"content":{"rendered":"\n<iframe loading=\"lazy\" width=\"560\" height=\"315\" src=\"https:\/\/www.youtube.com\/embed\/5c3CT8oRsf8\" frameborder=\"0\" allow=\"accelerometer; autoplay; encrypted-media; gyroscope; picture-in-picture\" allowfullscreen=\"\"><\/iframe>\n\n\n\n<figure class=\"wp-block-embed-flickr wp-block-embed is-type-photo is-provider-flickr\"><div class=\"wp-block-embed__wrapper\">\nhttps:\/\/flic.kr\/p\/2hT6kY6\n<\/div><\/figure>\n\n\n\n<p>Esdag \u00fcyeleri uzun s\u00fcreli etkinlikler i\u00e7in k\u00fc\u00e7\u00fck y\u00fcr\u00fcy\u00fc\u015flerle haftay\u0131 bo\u015f ge\u00e7irmiyor ve antrenman yap\u0131yor.Dileyen herkesin kat\u0131labildi\u011fi etkinli\u011fimizi bu hafta Eski\u015fehir Kent Orman\u0131na ger\u00e7ekle\u015ftirdik.<\/p>\n\n\n\n<figure class=\"wp-block-embed-flickr wp-block-embed is-type-photo is-provider-flickr\"><div class=\"wp-block-embed__wrapper\">\nhttps:\/\/flic.kr\/p\/2hT2PeC\n<\/div><\/figure>\n\n\n\n<p>Fenerlerimizle \u00e7antalar\u0131m\u0131zda termoslar\u0131m\u0131zla y\u00fcr\u00fcy\u00fc\u015f\u00fcm\u00fcze ba\u015flad\u0131k bilindik rotalar\u0131n aksine ormanl\u0131k alanda diledi\u011fimizce y\u00fcr\u00fcd\u00fck.<\/p>\n\n\n\n<figure class=\"wp-block-embed-flickr wp-block-embed is-type-photo is-provider-flickr\"><div class=\"wp-block-embed__wrapper\">\nhttps:\/\/flic.kr\/p\/2hT5pUJ\n<\/div><\/figure>\n\n\n\n<p>Ya\u011fmurun ba\u015flamas\u0131yla ana molay\u0131 ma\u011frada vermek zorunda kald\u0131k \u0131slanmadan g\u00fczel bir ortamda T\u00fcrk\u00fcler sohbetler e\u015fli\u011finde dinlendik ard\u0131ndan yo\u011fun sa\u011fnak ya\u011f\u0131\u015f alt\u0131nda zirveye ula\u015ft\u0131k.<\/p>\n\n\n\n<figure class=\"wp-block-embed-flickr wp-block-embed is-type-photo is-provider-flickr\"><div class=\"wp-block-embed__wrapper\">\n<a href=\"https:\/\/flic.kr\/p\/2hT5uxw\"><img loading=\"lazy\" decoding=\"async\" src=\"https:\/\/live.staticflickr.com\/65535\/49148418596_80f17922c2_c.jpg\" alt=\"DSC07474\" width=\"800\" height=\"450\" \/><\/a>\n<\/div><\/figure>\n\n\n\n<p>\u015eehir manzaras\u0131 e\u015fli\u011finde yama\u00e7larda ilerledik ve ormanl\u0131k alanlardan ge\u00e7erek 8,5km y\u00fcr\u00fcyerek etkinli\u011fimizi tamamlad\u0131k.Kat\u0131lan herkese Te\u015fekk\u00fcrler Haftaya g\u00fczel bir parkurda g\u00fczel bir etkinlikle sizlerleyiz.<\/p>\n\n\n\n<figure class=\"wp-block-embed-flickr wp-block-embed is-type-photo is-provider-flickr\"><div class=\"wp-block-embed__wrapper\">\n<a href=\"https:\/\/flic.kr\/p\/2hT32F1\"><img loading=\"lazy\" decoding=\"async\" src=\"https:\/\/live.staticflickr.com\/65535\/49147937978_7d84f0aab3_c.jpg\" alt=\"DSC07442\" width=\"800\" height=\"450\" \/><\/a>\n<\/div><\/figure>\n\n\n\n<p class=\"has-text-align-center\"><strong><a href=\"https:\/\/flic.kr\/s\/aHsmJHqwkw\">T\u00dcM FOTOGRAFLAR \u0130\u00c7\u0130N TIKLAYINIZ<\/a><\/strong><\/p>\n","protected":false},"excerpt":{"rendered":"<p>Esdag \u00fcyeleri uzun s\u00fcreli etkinlikler i\u00e7in k\u00fc\u00e7\u00fck y\u00fcr\u00fcy\u00fc\u015flerle haftay\u0131 bo\u015f ge\u00e7irmiyor ve antrenman yap\u0131yor.Dileyen herkesin kat\u0131labildi\u011fi etkinli\u011fimizi bu hafta Eski\u015fehir Kent Orman\u0131na ger\u00e7ekle\u015ftirdik. Fenerlerimizle \u00e7antalar\u0131m\u0131zda termoslar\u0131m\u0131zla y\u00fcr\u00fcy\u00fc\u015f\u00fcm\u00fcze ba\u015flad\u0131k bilindik rotalar\u0131n aksine ormanl\u0131k alanda diledi\u011fimizce y\u00fcr\u00fcd\u00fck. Ya\u011fmurun ba\u015flamas\u0131yla ana molay\u0131 ma\u011frada vermek zorunda kald\u0131k \u0131slanmadan g\u00fczel bir ortamda T\u00fcrk\u00fcler sohbetler e\u015fli\u011finde dinlendik ard\u0131ndan yo\u011fun sa\u011fnak ya\u011f\u0131\u015f alt\u0131nda zirveye ula\u015ft\u0131k. \u015eehir manzaras\u0131<\/p>\n","protected":false},"author":1,"featured_media":1813,"comment_status":"open","ping_status":"open","sticky":false,"template":"","format":"standard","meta":{"footnotes":""},"categories":[6],"tags":[],"class_list":["post-1811","post","type-post","status-publish","format-standard","has-post-thumbnail","hentry","category-dogayuruyusu"],"_links":{"self":[{"href":"http:\/\/www.esbike.org\/index.php\/wp-json\/wp\/v2\/posts\/1811","targetHints":{"allow":["GET"]}}],"collection":[{"href":"http:\/\/www.esbike.org\/index.php\/wp-json\/wp\/v2\/posts"}],"about":[{"href":"http:\/\/www.esbike.org\/index.php\/wp-json\/wp\/v2\/types\/post"}],"author":[{"embeddable":true,"href":"http:\/\/www.esbike.org\/index.php\/wp-json\/wp\/v2\/users\/1"}],"replies":[{"embeddable":true,"href":"http:\/\/www.esbike.org\/index.php\/wp-json\/wp\/v2\/comments?post=1811"}],"version-history":[{"count":2,"href":"http:\/\/www.esbike.org\/index.php\/wp-json\/wp\/v2\/posts\/1811\/revisions"}],"predecessor-version":[{"id":1881,"href":"http:\/\/www.esbike.org\/index.php\/wp-json\/wp\/v2\/posts\/1811\/revisions\/1881"}],"wp:featuredmedia":[{"embeddable":true,"href":"http:\/\/www.esbike.org\/index.php\/wp-json\/wp\/v2\/media\/1813"}],"wp:attachment":[{"href":"http:\/\/www.esbike.org\/index.php\/wp-json\/wp\/v2\/media?parent=1811"}],"wp:term":[{"taxonomy":"category","embeddable":true,"href":"http:\/\/www.esbike.org\/index.php\/wp-json\/wp\/v2\/categories?post=1811"},{"taxonomy":"post_tag","embeddable":true,"href":"http:\/\/www.esbike.org\/index.php\/wp-json\/wp\/v2\/tags?post=1811"}],"curies":[{"name":"wp","href":"https:\/\/api.w.org\/{rel}","templated":true}]}}