{"id":1771,"date":"2019-07-28T23:42:57","date_gmt":"2019-07-28T20:42:57","guid":{"rendered":"http:\/\/www.esbike.org\/?p=1771"},"modified":"2019-07-31T12:23:22","modified_gmt":"2019-07-31T09:23:22","slug":"sicak-havalara-kanyon-serinligi","status":"publish","type":"post","link":"http:\/\/www.esbike.org\/index.php\/2019\/07\/28\/sicak-havalara-kanyon-serinligi\/","title":{"rendered":"S\u0131cak Havalara Kanyon Ferahl\u0131\u011f\u0131"},"content":{"rendered":"\n<figure class=\"wp-block-embed-youtube wp-block-embed is-type-video is-provider-youtube wp-embed-aspect-16-9 wp-has-aspect-ratio\"><div class=\"wp-block-embed__wrapper\">\n<iframe loading=\"lazy\"  id=\"_ytid_18847\"  width=\"860\" height=\"484\"  data-origwidth=\"860\" data-origheight=\"484\" src=\"https:\/\/www.youtube.com\/embed\/26PBR8Lax1I?enablejsapi=1&#038;autoplay=1&#038;cc_load_policy=0&#038;cc_lang_pref=&#038;iv_load_policy=1&#038;loop=0&#038;rel=1&#038;fs=1&#038;playsinline=0&#038;autohide=2&#038;theme=dark&#038;color=red&#038;controls=1&#038;disablekb=0&#038;\" class=\"__youtube_prefs__  epyt-is-override  no-lazyload\" title=\"YouTube player\"  allow=\"fullscreen; accelerometer; autoplay; clipboard-write; encrypted-media; gyroscope; picture-in-picture; web-share\" referrerpolicy=\"strict-origin-when-cross-origin\" allowfullscreen data-no-lazy=\"1\" data-skipgform_ajax_framebjll=\"\"><\/iframe>\n<\/div><\/figure>\n\n\n\n<figure class=\"wp-block-image\"><img decoding=\"async\" src=\"http:\/\/www.esbike.org\/termalkanyontrekking28072019\/_164621.jpg\" alt=\"_164621.jpg\"\/><\/figure>\n\n\n\n<p>Esdag (Eski\u015fehir Do\u011fa Aktiviteleri Grubu) S\u0131cak havalar\u0131n \u00fcstesinden gelmek i\u00e7in Harmankaya&#8217;da serinletici bir etkinlik d\u00fczenledi etkinli\u011fin ba\u015f\u0131ndan sonuna kadar suda y\u00fcr\u00fcyen do\u011fa severler hem serinledi hemde do\u011fa g\u00fczellikleri aras\u0131nda g\u00fczel bir Pazar g\u00fcn\u00fc ger\u00e7ekle\u015ftirdi.<\/p>\n\n\n\n<figure class=\"wp-block-embed-flickr wp-block-embed is-type-photo is-provider-flickr\"><div class=\"wp-block-embed__wrapper\">\n<a href=\"https:\/\/flic.kr\/p\/2gJNFbi\"><img loading=\"lazy\" decoding=\"async\" src=\"https:\/\/live.staticflickr.com\/65535\/48398443841_9dba630c08_c.jpg\" alt=\"G0506381\" width=\"800\" height=\"600\" \/><\/a>\n<\/div><\/figure>\n\n\n\n<figure class=\"wp-block-image\"><img decoding=\"async\" src=\"http:\/\/www.esbike.org\/termalkanyontrekking28072019\/g0225459.jpg\" alt=\"g0225459.jpg\"\/><\/figure>\n\n\n\n<p>20 kat\u0131l\u0131mc\u0131yla ger\u00e7ekle\u015fen etkinlik yer yer zorlay\u0131c\u0131 etaplar\u0131 da i\u00e7eriyordu tecr\u00fcbeli liderler e\u015fli\u011finde 10&#8217;a yak\u0131n \u015felale ve ge\u00e7i\u015fler merdiven ip ve halatlar ile a\u015f\u0131ld\u0131. Kanyon sonunda kayadan \u00e7\u0131kan kaynak suyunda serinleyen kat\u0131l\u0131mc\u0131lar 12km y\u00fcr\u00fcyerek etkinli\u011fi tamamlad\u0131lar.<\/p>\n\n\n\n<figure class=\"wp-block-image\"><img decoding=\"async\" src=\"http:\/\/www.esbike.org\/termalkanyontrekking28072019\/g0205330.jpg\" alt=\"g0205330.jpg\"\/><\/figure>\n\n\n\n<p>Her hafta sonu bu tarz etkinliklerle do\u011fa sever kat\u0131l\u0131mc\u0131lara g\u00fczel bir deneyim ya\u015fat\u0131p ilimiz \u00e7evresinde bilinmeyen ke\u015ffedilmemi\u015f bir\u00e7ok rota ile hem turizm tan\u0131t\u0131m\u0131 yap\u0131yoruz hemde halk\u0131m\u0131za spor yapt\u0131rarak sa\u011fl\u0131kl\u0131 bireyler yeti\u015fmesi i\u00e7in katk\u0131 sa\u011fl\u0131yoruz.Dileyen herkes etkinliklerimize kat\u0131labilir.<\/p>\n\n\n\n<figure class=\"wp-block-image\"><img decoding=\"async\" src=\"http:\/\/www.esbike.org\/termalkanyontrekking28072019\/g0446275.jpg\" alt=\"g0446275.jpg\"\/><\/figure>\n\n\n\n<figure class=\"wp-block-image\"><img decoding=\"async\" src=\"http:\/\/www.esbike.org\/termalkanyontrekking28072019\/g0275630.jpg\" alt=\"g0275630.jpg\"\/><\/figure>\n\n\n\n<p style=\"text-align:center\"><strong><a href=\"http:\/\/www.esbike.org\/termalkanyontrekking28072019\/\">FOTOGRAFLAR \u0130\u00c7\u0130N TIKLAYINIZ<\/a><\/strong><\/p>\n","protected":false},"excerpt":{"rendered":"<p>Esdag (Eski\u015fehir Do\u011fa Aktiviteleri Grubu) S\u0131cak havalar\u0131n \u00fcstesinden gelmek i\u00e7in Harmankaya&#8217;da serinletici bir etkinlik d\u00fczenledi etkinli\u011fin ba\u015f\u0131ndan sonuna kadar suda y\u00fcr\u00fcyen do\u011fa severler hem serinledi hemde do\u011fa g\u00fczellikleri aras\u0131nda g\u00fczel bir Pazar g\u00fcn\u00fc ger\u00e7ekle\u015ftirdi. 20 kat\u0131l\u0131mc\u0131yla ger\u00e7ekle\u015fen etkinlik yer yer zorlay\u0131c\u0131 etaplar\u0131 da i\u00e7eriyordu tecr\u00fcbeli liderler e\u015fli\u011finde 10&#8217;a yak\u0131n \u015felale ve ge\u00e7i\u015fler merdiven ip ve halatlar ile a\u015f\u0131ld\u0131. Kanyon sonunda<\/p>\n","protected":false},"author":1,"featured_media":1772,"comment_status":"open","ping_status":"open","sticky":false,"template":"","format":"standard","meta":{"footnotes":""},"categories":[6,10],"tags":[],"class_list":["post-1771","post","type-post","status-publish","format-standard","has-post-thumbnail","hentry","category-dogayuruyusu","category-haberler"],"_links":{"self":[{"href":"http:\/\/www.esbike.org\/index.php\/wp-json\/wp\/v2\/posts\/1771","targetHints":{"allow":["GET"]}}],"collection":[{"href":"http:\/\/www.esbike.org\/index.php\/wp-json\/wp\/v2\/posts"}],"about":[{"href":"http:\/\/www.esbike.org\/index.php\/wp-json\/wp\/v2\/types\/post"}],"author":[{"embeddable":true,"href":"http:\/\/www.esbike.org\/index.php\/wp-json\/wp\/v2\/users\/1"}],"replies":[{"embeddable":true,"href":"http:\/\/www.esbike.org\/index.php\/wp-json\/wp\/v2\/comments?post=1771"}],"version-history":[{"count":3,"href":"http:\/\/www.esbike.org\/index.php\/wp-json\/wp\/v2\/posts\/1771\/revisions"}],"predecessor-version":[{"id":1775,"href":"http:\/\/www.esbike.org\/index.php\/wp-json\/wp\/v2\/posts\/1771\/revisions\/1775"}],"wp:featuredmedia":[{"embeddable":true,"href":"http:\/\/www.esbike.org\/index.php\/wp-json\/wp\/v2\/media\/1772"}],"wp:attachment":[{"href":"http:\/\/www.esbike.org\/index.php\/wp-json\/wp\/v2\/media?parent=1771"}],"wp:term":[{"taxonomy":"category","embeddable":true,"href":"http:\/\/www.esbike.org\/index.php\/wp-json\/wp\/v2\/categories?post=1771"},{"taxonomy":"post_tag","embeddable":true,"href":"http:\/\/www.esbike.org\/index.php\/wp-json\/wp\/v2\/tags?post=1771"}],"curies":[{"name":"wp","href":"https:\/\/api.w.org\/{rel}","templated":true}]}}