{"id":1711,"date":"2019-05-25T00:41:49","date_gmt":"2019-05-24T21:41:49","guid":{"rendered":"http:\/\/www.esbike.org\/?p=1711"},"modified":"2019-05-25T00:41:52","modified_gmt":"2019-05-24T21:41:52","slug":"esbike-iftar-turu-gerceklesti","status":"publish","type":"post","link":"http:\/\/www.esbike.org\/index.php\/2019\/05\/25\/esbike-iftar-turu-gerceklesti\/","title":{"rendered":"Esbike \u0130ftar Turu Ger\u00e7ekle\u015fti"},"content":{"rendered":"\n<figure class=\"wp-block-image\"><img decoding=\"async\" src=\"https:\/\/lh3.googleusercontent.com\/r4lf0EXFlCWUEBZPwW_3Kv_2wSBiOcdgyodmnuLR6rMe6JZhzGF8jxaBMQpC0F8QaN49RHpDkMc7l28PWjDp0Ib5nu9EpHDWorQgzr7_7j07nMFcKcNyEOZ9eH3Ob7fg2TqH5GB4gSw=w2400\" alt=\"\"\/><\/figure>\n\n\n\n<p>Sar\u0131cakaya&#8217;da yap\u0131lacak iftar program\u0131 i\u00e7in ba\u015fkan H\u00fcseyin \u00c7am&#8217;dan davet ald\u0131k ve sporcular niyetli olarak zorlu Bozda\u011f&#8217;\u0131 a\u015farak Sar\u0131cakaya&#8217;ya pedallad\u0131lar.<\/p>\n\n\n\n<figure class=\"wp-block-image\"><img decoding=\"async\" src=\"https:\/\/lh3.googleusercontent.com\/VxeHnST4BSaH14QZJl2whGzGjnxJbDSSHR66rxMH3iFbQl-7UrrJJA1WCG0coFRhEIPDmQa2XJ9VPLlOtGD13PsDRDK_QXYaxc27Fz_VpxVNcvkcyrVsZ9jSnv0Sml-mh4YN-f496i0=w2400\" alt=\"\"\/><\/figure>\n\n\n\n<figure class=\"wp-block-image\"><img decoding=\"async\" src=\"https:\/\/lh3.googleusercontent.com\/Mb3z_4F5rEWR_O6Jq5wT8FMTV0chxwhhhhyK2TLNxtAINF0gCTtwTDHXzl-f8WJCgMpLTWn5-mF8XLOx64NYnL3Rpc1CFUNnsCNL5NvKuARh-Wgrx9of9_xtTR9oJ_JxMsJmPkxW3ew=w2400\" alt=\"\"\/><\/figure>\n\n\n\n<figure class=\"wp-block-image\"><img decoding=\"async\" src=\"https:\/\/lh3.googleusercontent.com\/8D1gX0hO5g9xqM85TXV8oXCu2EtTbedA4EnA4dFMEt1kmShp4zZQMM9hYAIyBDjxNceP9PpWLbZshM-NiGC_8g0gQOo2Cw7aYyemXqYDpJalsw35-t9AFsfjwaYC6ZqTsbIilVGKCkU=w2400\" alt=\"\"\/><\/figure>\n\n\n\n<p>Sar\u0131cakaya&#8217;ya az bir mesafe kala ba\u015flayan \u015fiddetli dolu ve f\u0131rt\u0131na hayati risk ta\u015f\u0131yacak hale geldi neyseki tak\u0131m arac\u0131 sporcular\u0131n imdad\u0131na yeti\u015fti ve belediyede s\u0131cak bir ortama ge\u00e7erek sporcular\u0131n hipotermi olmas\u0131n\u0131n \u00f6n\u00fcne ge\u00e7tik.<\/p>\n\n\n\n<figure class=\"wp-block-image\"><img decoding=\"async\" src=\"https:\/\/lh3.googleusercontent.com\/dMkf6DrIeyesEUuDL65q-o9icK_rRLUebxpdmM7Bv9DjFAkyLXExth_9x0NzR1Yumxw19UpyIpsY-JJl3E6L6nCULSgwnD0lebnb1qDZ-MHbtD9RnvLk0hysSmjNombQ1K51YRLn2Rs=w2400\" alt=\"\"\/><\/figure>\n\n\n\n<p>Daha sonra dolu ve ya\u011f\u0131\u015ftan etkilenen iftar ekiplerin \u00e7al\u0131\u015fmas\u0131yla saatine yeti\u015fti ve iftar\u0131m\u0131z\u0131 yapt\u0131k ve etkinli\u011fimizi sa\u011f salim tamamlad\u0131k.<\/p>\n\n\n\n<figure class=\"wp-block-embed-youtube wp-block-embed is-type-video is-provider-youtube wp-embed-aspect-16-9 wp-has-aspect-ratio\"><div class=\"wp-block-embed__wrapper\">\n<iframe loading=\"lazy\"  id=\"_ytid_10032\"  width=\"860\" height=\"484\"  data-origwidth=\"860\" data-origheight=\"484\" src=\"https:\/\/www.youtube.com\/embed\/9NV3f5ljX-U?enablejsapi=1&#038;autoplay=1&#038;cc_load_policy=0&#038;cc_lang_pref=&#038;iv_load_policy=1&#038;loop=0&#038;rel=1&#038;fs=1&#038;playsinline=0&#038;autohide=2&#038;theme=dark&#038;color=red&#038;controls=1&#038;disablekb=0&#038;\" class=\"__youtube_prefs__  epyt-is-override  no-lazyload\" title=\"YouTube player\"  allow=\"fullscreen; accelerometer; autoplay; clipboard-write; encrypted-media; gyroscope; picture-in-picture; web-share\" referrerpolicy=\"strict-origin-when-cross-origin\" allowfullscreen data-no-lazy=\"1\" data-skipgform_ajax_framebjll=\"\"><\/iframe>\n<\/div><\/figure>\n\n\n\n<figure class=\"wp-block-embed-youtube wp-block-embed is-type-video is-provider-youtube wp-embed-aspect-16-9 wp-has-aspect-ratio\"><div class=\"wp-block-embed__wrapper\">\n<iframe loading=\"lazy\"  id=\"_ytid_73275\"  width=\"860\" height=\"484\"  data-origwidth=\"860\" data-origheight=\"484\" src=\"https:\/\/www.youtube.com\/embed\/r8ycYalLnGc?enablejsapi=1&#038;autoplay=1&#038;cc_load_policy=0&#038;cc_lang_pref=&#038;iv_load_policy=1&#038;loop=0&#038;rel=1&#038;fs=1&#038;playsinline=0&#038;autohide=2&#038;theme=dark&#038;color=red&#038;controls=1&#038;disablekb=0&#038;\" class=\"__youtube_prefs__  epyt-is-override  no-lazyload\" title=\"YouTube player\"  allow=\"fullscreen; accelerometer; autoplay; clipboard-write; encrypted-media; gyroscope; picture-in-picture; web-share\" referrerpolicy=\"strict-origin-when-cross-origin\" allowfullscreen data-no-lazy=\"1\" data-skipgform_ajax_framebjll=\"\"><\/iframe>\n<\/div><\/figure>\n\n\n\n<p><\/p>\n","protected":false},"excerpt":{"rendered":"<p>Sar\u0131cakaya&#8217;da yap\u0131lacak iftar program\u0131 i\u00e7in ba\u015fkan H\u00fcseyin \u00c7am&#8217;dan davet ald\u0131k ve sporcular niyetli olarak zorlu Bozda\u011f&#8217;\u0131 a\u015farak Sar\u0131cakaya&#8217;ya pedallad\u0131lar. Sar\u0131cakaya&#8217;ya az bir mesafe kala ba\u015flayan \u015fiddetli dolu ve f\u0131rt\u0131na hayati risk ta\u015f\u0131yacak hale geldi neyseki tak\u0131m arac\u0131 sporcular\u0131n imdad\u0131na yeti\u015fti ve belediyede s\u0131cak bir ortama ge\u00e7erek sporcular\u0131n hipotermi olmas\u0131n\u0131n \u00f6n\u00fcne ge\u00e7tik. Daha sonra dolu ve ya\u011f\u0131\u015ftan etkilenen iftar ekiplerin \u00e7al\u0131\u015fmas\u0131yla<\/p>\n","protected":false},"author":1,"featured_media":1712,"comment_status":"open","ping_status":"open","sticky":false,"template":"","format":"standard","meta":{"footnotes":""},"categories":[3,10],"tags":[],"class_list":["post-1711","post","type-post","status-publish","format-standard","has-post-thumbnail","hentry","category-bisikletetkinlikleri","category-haberler"],"_links":{"self":[{"href":"http:\/\/www.esbike.org\/index.php\/wp-json\/wp\/v2\/posts\/1711","targetHints":{"allow":["GET"]}}],"collection":[{"href":"http:\/\/www.esbike.org\/index.php\/wp-json\/wp\/v2\/posts"}],"about":[{"href":"http:\/\/www.esbike.org\/index.php\/wp-json\/wp\/v2\/types\/post"}],"author":[{"embeddable":true,"href":"http:\/\/www.esbike.org\/index.php\/wp-json\/wp\/v2\/users\/1"}],"replies":[{"embeddable":true,"href":"http:\/\/www.esbike.org\/index.php\/wp-json\/wp\/v2\/comments?post=1711"}],"version-history":[{"count":1,"href":"http:\/\/www.esbike.org\/index.php\/wp-json\/wp\/v2\/posts\/1711\/revisions"}],"predecessor-version":[{"id":1713,"href":"http:\/\/www.esbike.org\/index.php\/wp-json\/wp\/v2\/posts\/1711\/revisions\/1713"}],"wp:featuredmedia":[{"embeddable":true,"href":"http:\/\/www.esbike.org\/index.php\/wp-json\/wp\/v2\/media\/1712"}],"wp:attachment":[{"href":"http:\/\/www.esbike.org\/index.php\/wp-json\/wp\/v2\/media?parent=1711"}],"wp:term":[{"taxonomy":"category","embeddable":true,"href":"http:\/\/www.esbike.org\/index.php\/wp-json\/wp\/v2\/categories?post=1711"},{"taxonomy":"post_tag","embeddable":true,"href":"http:\/\/www.esbike.org\/index.php\/wp-json\/wp\/v2\/tags?post=1711"}],"curies":[{"name":"wp","href":"https:\/\/api.w.org\/{rel}","templated":true}]}}