{"id":1131,"date":"2017-10-22T23:46:07","date_gmt":"2017-10-22T20:46:07","guid":{"rendered":"http:\/\/www.esbike.org\/?p=1131"},"modified":"2017-10-22T23:46:07","modified_gmt":"2017-10-22T20:46:07","slug":"22-10-2017-ayili-vadi-ticaret-odasi-doga-yuruyusu","status":"publish","type":"post","link":"http:\/\/www.esbike.org\/index.php\/2017\/10\/22\/22-10-2017-ayili-vadi-ticaret-odasi-doga-yuruyusu\/","title":{"rendered":"22.10.2017 Ay\u0131l\u0131 Vadi Ticaret Odas\u0131 Do\u011fa Y\u00fcr\u00fcy\u00fc\u015f\u00fc"},"content":{"rendered":"<p style=\"text-align: center;\">Avrupa Birli\u011fi Destek Ofisi Ticaret Odas\u0131 ile Esdag olarak d\u00fczenlemi\u015f oldu\u011fumuz Ay\u0131l\u0131 Vadi Do\u011fa Y\u00fcr\u00fcy\u00fc\u015f\u00fcnde Tand\u0131r k\u00f6y\u00fc civar\u0131nda yanan ormanlarda y\u00fcr\u00fcy\u00fc\u015f\u00fcm\u00fcz\u00fc ba\u015flatt\u0131k ve insan\u0131n do\u011faya nas\u0131l zarar verdi\u011fini yang\u0131ndan kalan alanlarda y\u00fcr\u00fcyerek toplumsal bilin\u00e7 kazan\u0131lmas\u0131 ad\u0131na g\u00fczel bir etkinlik yapt\u0131k.<\/p>\n<p style=\"text-align: center;\"><img decoding=\"async\" src=\"http:\/\/esbike.org\/images\/icerikphoto\/esbiketarihi\/2017\/22102017ticaretayilivadi\/20171021_131141.jpg\" alt=\"http:\/\/esbike.org\/images\/icerikphoto\/esbiketarihi\/2017\/22102017ticaretayilivadi\/20171021_131141.jpg\" \/><\/p>\n<p style=\"text-align: center;\"><img decoding=\"async\" src=\"http:\/\/esbike.org\/images\/icerikphoto\/esbiketarihi\/2017\/22102017ticaretayilivadi\/20171021_134100.jpg\" alt=\"http:\/\/esbike.org\/images\/icerikphoto\/esbiketarihi\/2017\/22102017ticaretayilivadi\/20171021_134100.jpg\" \/><\/p>\n<p style=\"text-align: center;\"><img decoding=\"async\" src=\"http:\/\/esbike.org\/images\/icerikphoto\/esbiketarihi\/2017\/22102017ticaretayilivadi\/20171021_134142.jpg\" alt=\"http:\/\/esbike.org\/images\/icerikphoto\/esbiketarihi\/2017\/22102017ticaretayilivadi\/20171021_134142.jpg\" \/><\/p>\n<p style=\"text-align: center;\"><img decoding=\"async\" src=\"http:\/\/esbike.org\/images\/icerikphoto\/esbiketarihi\/2017\/22102017ticaretayilivadi\/20171021_134323.jpg\" alt=\"http:\/\/esbike.org\/images\/icerikphoto\/esbiketarihi\/2017\/22102017ticaretayilivadi\/20171021_134323.jpg\" \/><\/p>\n<p style=\"text-align: center;\"><img decoding=\"async\" src=\"http:\/\/esbike.org\/images\/icerikphoto\/esbiketarihi\/2017\/22102017ticaretayilivadi\/20171021_134657.jpg\" alt=\"http:\/\/esbike.org\/images\/icerikphoto\/esbiketarihi\/2017\/22102017ticaretayilivadi\/20171021_134657.jpg\" \/><\/p>\n<p style=\"text-align: center;\"><img decoding=\"async\" src=\"http:\/\/esbike.org\/images\/icerikphoto\/esbiketarihi\/2017\/22102017ticaretayilivadi\/IMG-20171023-WA0003.jpg\" alt=\"http:\/\/esbike.org\/images\/icerikphoto\/esbiketarihi\/2017\/22102017ticaretayilivadi\/IMG-20171023-WA0003.jpg\" \/><\/p>\n<p style=\"text-align: center;\"><img decoding=\"async\" src=\"http:\/\/esbike.org\/images\/icerikphoto\/esbiketarihi\/2017\/22102017ticaretayilivadi\/IMG-20171023-WA0005.jpg\" alt=\"http:\/\/esbike.org\/images\/icerikphoto\/esbiketarihi\/2017\/22102017ticaretayilivadi\/IMG-20171023-WA0005.jpg\" \/><\/p>\n<p style=\"text-align: center;\"><img decoding=\"async\" src=\"http:\/\/esbike.org\/images\/icerikphoto\/esbiketarihi\/2017\/22102017ticaretayilivadi\/IMG-20171023-WA0006.jpg\" alt=\"http:\/\/esbike.org\/images\/icerikphoto\/esbiketarihi\/2017\/22102017ticaretayilivadi\/IMG-20171023-WA0006.jpg\" \/><\/p>\n<p style=\"text-align: center;\"><img decoding=\"async\" src=\"http:\/\/esbike.org\/images\/icerikphoto\/esbiketarihi\/2017\/22102017ticaretayilivadi\/IMG-20171023-WA0013.jpg\" alt=\"http:\/\/esbike.org\/images\/icerikphoto\/esbiketarihi\/2017\/22102017ticaretayilivadi\/IMG-20171023-WA0013.jpg\" \/><\/p>\n<p style=\"text-align: center;\"><img decoding=\"async\" src=\"http:\/\/esbike.org\/images\/icerikphoto\/esbiketarihi\/2017\/22102017ticaretayilivadi\/IMG-20171023-WA0014.jpg\" alt=\"http:\/\/esbike.org\/images\/icerikphoto\/esbiketarihi\/2017\/22102017ticaretayilivadi\/IMG-20171023-WA0014.jpg\" \/><\/p>\n<p style=\"text-align: center;\"><img decoding=\"async\" src=\"http:\/\/esbike.org\/images\/icerikphoto\/esbiketarihi\/2017\/22102017ticaretayilivadi\/IMG-20171023-WA0042.jpg\" alt=\"http:\/\/esbike.org\/images\/icerikphoto\/esbiketarihi\/2017\/22102017ticaretayilivadi\/IMG-20171023-WA0042.jpg\" \/><\/p>\n<p style=\"text-align: center;\"><img decoding=\"async\" src=\"http:\/\/esbike.org\/images\/icerikphoto\/esbiketarihi\/2017\/22102017ticaretayilivadi\/IMG-20171023-WA0046.jpg\" alt=\"http:\/\/esbike.org\/images\/icerikphoto\/esbiketarihi\/2017\/22102017ticaretayilivadi\/IMG-20171023-WA0046.jpg\" \/><\/p>\n<p style=\"text-align: center;\"><img decoding=\"async\" src=\"http:\/\/esbike.org\/images\/icerikphoto\/esbiketarihi\/2017\/22102017ticaretayilivadi\/_DSC0009.JPG\" alt=\"http:\/\/esbike.org\/images\/icerikphoto\/esbiketarihi\/2017\/22102017ticaretayilivadi\/_DSC0009.JPG\" \/><\/p>\n<p style=\"text-align: center;\"><img decoding=\"async\" src=\"http:\/\/esbike.org\/images\/icerikphoto\/esbiketarihi\/2017\/22102017ticaretayilivadi\/_DSC0048.JPG\" alt=\"http:\/\/esbike.org\/images\/icerikphoto\/esbiketarihi\/2017\/22102017ticaretayilivadi\/_DSC0048.JPG\" \/><\/p>\n<p style=\"text-align: center;\"><img decoding=\"async\" src=\"http:\/\/esbike.org\/images\/icerikphoto\/esbiketarihi\/2017\/22102017ticaretayilivadi\/_DSC0060.JPG\" alt=\"http:\/\/esbike.org\/images\/icerikphoto\/esbiketarihi\/2017\/22102017ticaretayilivadi\/_DSC0060.JPG\" \/><\/p>\n<p style=\"text-align: center;\"><img decoding=\"async\" src=\"http:\/\/esbike.org\/images\/icerikphoto\/esbiketarihi\/2017\/22102017ticaretayilivadi\/_DSC0184.JPG\" alt=\"http:\/\/esbike.org\/images\/icerikphoto\/esbiketarihi\/2017\/22102017ticaretayilivadi\/_DSC0184.JPG\" \/><\/p>\n","protected":false},"excerpt":{"rendered":"<p>Avrupa Birli\u011fi Destek Ofisi Ticaret Odas\u0131 ile Esdag olarak d\u00fczenlemi\u015f oldu\u011fumuz Ay\u0131l\u0131 Vadi Do\u011fa Y\u00fcr\u00fcy\u00fc\u015f\u00fcnde Tand\u0131r k\u00f6y\u00fc civar\u0131nda yanan ormanlarda y\u00fcr\u00fcy\u00fc\u015f\u00fcm\u00fcz\u00fc ba\u015flatt\u0131k ve insan\u0131n do\u011faya nas\u0131l zarar verdi\u011fini yang\u0131ndan kalan alanlarda y\u00fcr\u00fcyerek toplumsal bilin\u00e7 kazan\u0131lmas\u0131 ad\u0131na g\u00fczel bir etkinlik yapt\u0131k.<\/p>\n","protected":false},"author":1,"featured_media":0,"comment_status":"open","ping_status":"open","sticky":false,"template":"","format":"standard","meta":{"footnotes":""},"categories":[6,9],"tags":[],"class_list":["post-1131","post","type-post","status-publish","format-standard","hentry","category-dogayuruyusu","category-esbiketarihi"],"_links":{"self":[{"href":"http:\/\/www.esbike.org\/index.php\/wp-json\/wp\/v2\/posts\/1131","targetHints":{"allow":["GET"]}}],"collection":[{"href":"http:\/\/www.esbike.org\/index.php\/wp-json\/wp\/v2\/posts"}],"about":[{"href":"http:\/\/www.esbike.org\/index.php\/wp-json\/wp\/v2\/types\/post"}],"author":[{"embeddable":true,"href":"http:\/\/www.esbike.org\/index.php\/wp-json\/wp\/v2\/users\/1"}],"replies":[{"embeddable":true,"href":"http:\/\/www.esbike.org\/index.php\/wp-json\/wp\/v2\/comments?post=1131"}],"version-history":[{"count":0,"href":"http:\/\/www.esbike.org\/index.php\/wp-json\/wp\/v2\/posts\/1131\/revisions"}],"wp:attachment":[{"href":"http:\/\/www.esbike.org\/index.php\/wp-json\/wp\/v2\/media?parent=1131"}],"wp:term":[{"taxonomy":"category","embeddable":true,"href":"http:\/\/www.esbike.org\/index.php\/wp-json\/wp\/v2\/categories?post=1131"},{"taxonomy":"post_tag","embeddable":true,"href":"http:\/\/www.esbike.org\/index.php\/wp-json\/wp\/v2\/tags?post=1131"}],"curies":[{"name":"wp","href":"https:\/\/api.w.org\/{rel}","templated":true}]}}