{"id":1127,"date":"2017-08-11T23:44:46","date_gmt":"2017-08-11T20:44:46","guid":{"rendered":"http:\/\/www.esbike.org\/?p=1127"},"modified":"2017-08-11T23:44:46","modified_gmt":"2017-08-11T20:44:46","slug":"11-08-2017-kayseri-erciyes-dh-turkiye-sampiyonasi","status":"publish","type":"post","link":"http:\/\/www.esbike.org\/index.php\/2017\/08\/11\/11-08-2017-kayseri-erciyes-dh-turkiye-sampiyonasi\/","title":{"rendered":"11.08.2017 Kayseri Erciyes DH T\u00fcrkiye \u015eampiyonas\u0131"},"content":{"rendered":"<p style=\"text-align: center;\">Kayseri Erciyes DH T\u00fcrkiye \u015eampiyonas\u0131nda Eda Konuk T\u00fcrkiye \u015eampiyonu oldu.<\/p>\n<p style=\"text-align: center;\"><img decoding=\"async\" src=\"http:\/\/esbike.org\/images\/icerikphoto\/esbiketarihi\/2017\/11082017erciyesdh\/20170811_160227.jpg\" alt=\"http:\/\/esbike.org\/images\/icerikphoto\/esbiketarihi\/2017\/11082017erciyesdh\/20170811_160227.jpg\" \/><\/p>\n<p style=\"text-align: center;\"><img decoding=\"async\" src=\"http:\/\/esbike.org\/images\/icerikphoto\/esbiketarihi\/2017\/11082017erciyesdh\/20170812_102826.jpg\" alt=\"http:\/\/esbike.org\/images\/icerikphoto\/esbiketarihi\/2017\/11082017erciyesdh\/20170812_102826.jpg\" \/><\/p>\n<p style=\"text-align: center;\"><img decoding=\"async\" src=\"http:\/\/esbike.org\/images\/icerikphoto\/esbiketarihi\/2017\/11082017erciyesdh\/20170812_150515.jpg\" alt=\"http:\/\/esbike.org\/images\/icerikphoto\/esbiketarihi\/2017\/11082017erciyesdh\/20170812_150515.jpg\" \/><\/p>\n<p style=\"text-align: center;\"><img decoding=\"async\" src=\"http:\/\/esbike.org\/images\/icerikphoto\/esbiketarihi\/2017\/11082017erciyesdh\/20170813_095932.jpg\" alt=\"http:\/\/esbike.org\/images\/icerikphoto\/esbiketarihi\/2017\/11082017erciyesdh\/20170813_095932.jpg\" \/><\/p>\n<p style=\"text-align: center;\"><img decoding=\"async\" src=\"http:\/\/esbike.org\/images\/icerikphoto\/esbiketarihi\/2017\/11082017erciyesdh\/20170813_101307.jpg\" alt=\"http:\/\/esbike.org\/images\/icerikphoto\/esbiketarihi\/2017\/11082017erciyesdh\/20170813_101307.jpg\" \/><\/p>\n<p style=\"text-align: center;\"><img decoding=\"async\" src=\"http:\/\/esbike.org\/images\/icerikphoto\/esbiketarihi\/2017\/11082017erciyesdh\/20170813_101835.jpg\" alt=\"http:\/\/esbike.org\/images\/icerikphoto\/esbiketarihi\/2017\/11082017erciyesdh\/20170813_101835.jpg\" \/><\/p>\n<p style=\"text-align: center;\"><img decoding=\"async\" src=\"http:\/\/esbike.org\/images\/icerikphoto\/esbiketarihi\/2017\/11082017erciyesdh\/20170813_101905(0).jpg\" alt=\"http:\/\/esbike.org\/images\/icerikphoto\/esbiketarihi\/2017\/11082017erciyesdh\/20170813_101905(0).jpg\" \/><\/p>\n<p style=\"text-align: center;\"><img decoding=\"async\" src=\"http:\/\/esbike.org\/images\/icerikphoto\/esbiketarihi\/2017\/11082017erciyesdh\/20170813_121544.jpg\" alt=\"http:\/\/esbike.org\/images\/icerikphoto\/esbiketarihi\/2017\/11082017erciyesdh\/20170813_121544.jpg\" \/><\/p>\n<p style=\"text-align: center;\"><img decoding=\"async\" src=\"http:\/\/esbike.org\/images\/icerikphoto\/esbiketarihi\/2017\/11082017erciyesdh\/20170813_122149.jpg\" alt=\"http:\/\/esbike.org\/images\/icerikphoto\/esbiketarihi\/2017\/11082017erciyesdh\/20170813_122149.jpg\" \/><\/p>\n<p style=\"text-align: center;\"><img decoding=\"async\" src=\"http:\/\/esbike.org\/images\/icerikphoto\/esbiketarihi\/2017\/11082017erciyesdh\/20170813_124405.jpg\" alt=\"http:\/\/esbike.org\/images\/icerikphoto\/esbiketarihi\/2017\/11082017erciyesdh\/20170813_124405.jpg\" \/><\/p>\n<p style=\"text-align: center;\"><img decoding=\"async\" src=\"http:\/\/esbike.org\/images\/icerikphoto\/esbiketarihi\/2017\/11082017erciyesdh\/20170813_131917.jpg\" alt=\"http:\/\/esbike.org\/images\/icerikphoto\/esbiketarihi\/2017\/11082017erciyesdh\/20170813_131917.jpg\" \/><\/p>\n<p style=\"text-align: center;\"><img decoding=\"async\" src=\"http:\/\/esbike.org\/images\/icerikphoto\/esbiketarihi\/2017\/11082017erciyesdh\/20170813_132209.jpg\" alt=\"http:\/\/esbike.org\/images\/icerikphoto\/esbiketarihi\/2017\/11082017erciyesdh\/20170813_132209.jpg\" \/><\/p>\n<p style=\"text-align: center;\"><img decoding=\"async\" src=\"http:\/\/esbike.org\/images\/icerikphoto\/esbiketarihi\/2017\/11082017erciyesdh\/20170813_134127(0).jpg\" alt=\"http:\/\/esbike.org\/images\/icerikphoto\/esbiketarihi\/2017\/11082017erciyesdh\/20170813_134127(0).jpg\" \/><\/p>\n<p style=\"text-align: center;\"><img decoding=\"async\" src=\"http:\/\/esbike.org\/images\/icerikphoto\/esbiketarihi\/2017\/11082017erciyesdh\/20170813_135119.jpg\" alt=\"http:\/\/esbike.org\/images\/icerikphoto\/esbiketarihi\/2017\/11082017erciyesdh\/20170813_135119.jpg\" \/><\/p>\n<p style=\"text-align: center;\"><img decoding=\"async\" src=\"http:\/\/esbike.org\/images\/icerikphoto\/esbiketarihi\/2017\/11082017erciyesdh\/20170813_141837.jpg\" alt=\"http:\/\/esbike.org\/images\/icerikphoto\/esbiketarihi\/2017\/11082017erciyesdh\/20170813_141837.jpg\" \/><\/p>\n<p style=\"text-align: center;\"><img decoding=\"async\" src=\"http:\/\/esbike.org\/images\/icerikphoto\/esbiketarihi\/2017\/11082017erciyesdh\/20170813_141947.jpg\" alt=\"http:\/\/esbike.org\/images\/icerikphoto\/esbiketarihi\/2017\/11082017erciyesdh\/20170813_141947.jpg\" \/><\/p>\n<p style=\"text-align: center;\"><img decoding=\"async\" src=\"http:\/\/esbike.org\/images\/icerikphoto\/esbiketarihi\/2017\/11082017erciyesdh\/20170814_011506.jpg\" alt=\"http:\/\/esbike.org\/images\/icerikphoto\/esbiketarihi\/2017\/11082017erciyesdh\/20170814_011506.jpg\" \/><\/p>\n","protected":false},"excerpt":{"rendered":"<p>Kayseri Erciyes DH T\u00fcrkiye \u015eampiyonas\u0131nda Eda Konuk T\u00fcrkiye \u015eampiyonu oldu.<\/p>\n","protected":false},"author":1,"featured_media":0,"comment_status":"open","ping_status":"open","sticky":false,"template":"","format":"standard","meta":{"footnotes":""},"categories":[3,9],"tags":[],"class_list":["post-1127","post","type-post","status-publish","format-standard","hentry","category-bisikletetkinlikleri","category-esbiketarihi"],"_links":{"self":[{"href":"http:\/\/www.esbike.org\/index.php\/wp-json\/wp\/v2\/posts\/1127","targetHints":{"allow":["GET"]}}],"collection":[{"href":"http:\/\/www.esbike.org\/index.php\/wp-json\/wp\/v2\/posts"}],"about":[{"href":"http:\/\/www.esbike.org\/index.php\/wp-json\/wp\/v2\/types\/post"}],"author":[{"embeddable":true,"href":"http:\/\/www.esbike.org\/index.php\/wp-json\/wp\/v2\/users\/1"}],"replies":[{"embeddable":true,"href":"http:\/\/www.esbike.org\/index.php\/wp-json\/wp\/v2\/comments?post=1127"}],"version-history":[{"count":0,"href":"http:\/\/www.esbike.org\/index.php\/wp-json\/wp\/v2\/posts\/1127\/revisions"}],"wp:attachment":[{"href":"http:\/\/www.esbike.org\/index.php\/wp-json\/wp\/v2\/media?parent=1127"}],"wp:term":[{"taxonomy":"category","embeddable":true,"href":"http:\/\/www.esbike.org\/index.php\/wp-json\/wp\/v2\/categories?post=1127"},{"taxonomy":"post_tag","embeddable":true,"href":"http:\/\/www.esbike.org\/index.php\/wp-json\/wp\/v2\/tags?post=1127"}],"curies":[{"name":"wp","href":"https:\/\/api.w.org\/{rel}","templated":true}]}}