{"id":1121,"date":"2017-07-20T23:43:04","date_gmt":"2017-07-20T20:43:04","guid":{"rendered":"http:\/\/www.esbike.org\/?p=1121"},"modified":"2017-07-20T23:43:04","modified_gmt":"2017-07-20T20:43:04","slug":"20-07-2017-bozanic-saricakaya-antrenman","status":"publish","type":"post","link":"http:\/\/www.esbike.org\/index.php\/2017\/07\/20\/20-07-2017-bozanic-saricakaya-antrenman\/","title":{"rendered":"20.07.2017 Bozani\u00e7 Sar\u0131cakaya Antrenman"},"content":{"rendered":"<p style=\"text-align: center;\">Sar\u0131cakaya S\u0131n\u0131rlar\u0131nda yer alan Bozani\u00e7 kayal\u0131klar\u0131na antrenman d\u00fczenledik.Kayal\u0131klar \u00e7evresinde vah\u015fi ya\u015fam yo\u011fun oldu\u011fu i\u00e7in biraz macera doluydu.Domuzlarla kar\u015f\u0131la\u015ft\u0131k azdaha erken ge\u00e7sek Ay\u0131 ile kar\u015f\u0131la\u015facakt\u0131k tav\u015fan ve tilkilerde bize selam verdiler safari tad\u0131nda g\u00fczel bir antrenman oldu.<\/p>\n<p style=\"text-align: center;\"><img decoding=\"async\" src=\"http:\/\/esbike.org\/images\/icerikphoto\/esbiketarihi\/2017\/20072017bozanicantrenman\/20170720_135730.jpg\" alt=\"http:\/\/esbike.org\/images\/icerikphoto\/esbiketarihi\/2017\/20072017bozanicantrenman\/20170720_135730.jpg\" \/><\/p>\n<p style=\"text-align: center;\"><img decoding=\"async\" src=\"http:\/\/esbike.org\/images\/icerikphoto\/esbiketarihi\/2017\/20072017bozanicantrenman\/20170720_144630.jpg\" alt=\"http:\/\/esbike.org\/images\/icerikphoto\/esbiketarihi\/2017\/20072017bozanicantrenman\/20170720_144630.jpg\" \/><\/p>\n<p style=\"text-align: center;\"><img decoding=\"async\" src=\"http:\/\/esbike.org\/images\/icerikphoto\/esbiketarihi\/2017\/20072017bozanicantrenman\/20170720_145005.jpg\" alt=\"http:\/\/esbike.org\/images\/icerikphoto\/esbiketarihi\/2017\/20072017bozanicantrenman\/20170720_145005.jpg\" \/><\/p>\n<p style=\"text-align: center;\"><img decoding=\"async\" src=\"http:\/\/esbike.org\/images\/icerikphoto\/esbiketarihi\/2017\/20072017bozanicantrenman\/20170720_150922.jpg\" alt=\"http:\/\/esbike.org\/images\/icerikphoto\/esbiketarihi\/2017\/20072017bozanicantrenman\/20170720_150922.jpg\" \/><\/p>\n<p style=\"text-align: center;\"><img decoding=\"async\" src=\"http:\/\/esbike.org\/images\/icerikphoto\/esbiketarihi\/2017\/20072017bozanicantrenman\/20170720_150934.jpg\" alt=\"http:\/\/esbike.org\/images\/icerikphoto\/esbiketarihi\/2017\/20072017bozanicantrenman\/20170720_150934.jpg\" \/><\/p>\n<p style=\"text-align: center;\"><img decoding=\"async\" src=\"http:\/\/esbike.org\/images\/icerikphoto\/esbiketarihi\/2017\/20072017bozanicantrenman\/20170720_151144.jpg\" alt=\"http:\/\/esbike.org\/images\/icerikphoto\/esbiketarihi\/2017\/20072017bozanicantrenman\/20170720_151144.jpg\" \/><\/p>\n<p style=\"text-align: center;\"><img decoding=\"async\" src=\"http:\/\/esbike.org\/images\/icerikphoto\/esbiketarihi\/2017\/20072017bozanicantrenman\/20170720_151542.jpg\" alt=\"http:\/\/esbike.org\/images\/icerikphoto\/esbiketarihi\/2017\/20072017bozanicantrenman\/20170720_151542.jpg\" \/><\/p>\n<p style=\"text-align: center;\"><img decoding=\"async\" src=\"http:\/\/esbike.org\/images\/icerikphoto\/esbiketarihi\/2017\/20072017bozanicantrenman\/20170720_151659(0).jpg\" alt=\"http:\/\/esbike.org\/images\/icerikphoto\/esbiketarihi\/2017\/20072017bozanicantrenman\/20170720_151659(0).jpg\" \/><\/p>\n<p style=\"text-align: center;\"><img decoding=\"async\" src=\"http:\/\/esbike.org\/images\/icerikphoto\/esbiketarihi\/2017\/20072017bozanicantrenman\/20170720_152005.jpg\" alt=\"http:\/\/esbike.org\/images\/icerikphoto\/esbiketarihi\/2017\/20072017bozanicantrenman\/20170720_152005.jpg\" \/><\/p>\n<p style=\"text-align: center;\"><img decoding=\"async\" src=\"http:\/\/esbike.org\/images\/icerikphoto\/esbiketarihi\/2017\/20072017bozanicantrenman\/20170720_153826.jpg\" alt=\"http:\/\/esbike.org\/images\/icerikphoto\/esbiketarihi\/2017\/20072017bozanicantrenman\/20170720_153826.jpg\" \/><\/p>\n","protected":false},"excerpt":{"rendered":"<p>Sar\u0131cakaya S\u0131n\u0131rlar\u0131nda yer alan Bozani\u00e7 kayal\u0131klar\u0131na antrenman d\u00fczenledik.Kayal\u0131klar \u00e7evresinde vah\u015fi ya\u015fam yo\u011fun oldu\u011fu i\u00e7in biraz macera doluydu.Domuzlarla kar\u015f\u0131la\u015ft\u0131k azdaha erken ge\u00e7sek Ay\u0131 ile kar\u015f\u0131la\u015facakt\u0131k tav\u015fan ve tilkilerde bize selam verdiler safari tad\u0131nda g\u00fczel bir antrenman oldu.<\/p>\n","protected":false},"author":1,"featured_media":0,"comment_status":"open","ping_status":"open","sticky":false,"template":"","format":"standard","meta":{"footnotes":""},"categories":[3,9],"tags":[],"class_list":["post-1121","post","type-post","status-publish","format-standard","hentry","category-bisikletetkinlikleri","category-esbiketarihi"],"_links":{"self":[{"href":"http:\/\/www.esbike.org\/index.php\/wp-json\/wp\/v2\/posts\/1121","targetHints":{"allow":["GET"]}}],"collection":[{"href":"http:\/\/www.esbike.org\/index.php\/wp-json\/wp\/v2\/posts"}],"about":[{"href":"http:\/\/www.esbike.org\/index.php\/wp-json\/wp\/v2\/types\/post"}],"author":[{"embeddable":true,"href":"http:\/\/www.esbike.org\/index.php\/wp-json\/wp\/v2\/users\/1"}],"replies":[{"embeddable":true,"href":"http:\/\/www.esbike.org\/index.php\/wp-json\/wp\/v2\/comments?post=1121"}],"version-history":[{"count":0,"href":"http:\/\/www.esbike.org\/index.php\/wp-json\/wp\/v2\/posts\/1121\/revisions"}],"wp:attachment":[{"href":"http:\/\/www.esbike.org\/index.php\/wp-json\/wp\/v2\/media?parent=1121"}],"wp:term":[{"taxonomy":"category","embeddable":true,"href":"http:\/\/www.esbike.org\/index.php\/wp-json\/wp\/v2\/categories?post=1121"},{"taxonomy":"post_tag","embeddable":true,"href":"http:\/\/www.esbike.org\/index.php\/wp-json\/wp\/v2\/tags?post=1121"}],"curies":[{"name":"wp","href":"https:\/\/api.w.org\/{rel}","templated":true}]}}