{"id":1099,"date":"2017-03-21T23:36:26","date_gmt":"2017-03-21T20:36:26","guid":{"rendered":"http:\/\/www.esbike.org\/?p=1099"},"modified":"2017-03-21T23:36:26","modified_gmt":"2017-03-21T20:36:26","slug":"21-03-2017-saricakaya-antrenman","status":"publish","type":"post","link":"http:\/\/www.esbike.org\/index.php\/2017\/03\/21\/21-03-2017-saricakaya-antrenman\/","title":{"rendered":"21.03.2017 Sar\u0131cakaya Antrenman"},"content":{"rendered":"<p style=\"text-align: center;\"><strong>Sar\u0131cakaya Antrenman\u0131m\u0131z 120km olarak ger\u00e7ekle\u015fti<\/strong><\/p>\n<p style=\"text-align: center;\"><img decoding=\"async\" src=\"http:\/\/esbike.org\/images\/icerikphoto\/esbiketarihi\/2017\/21032017saricakayantrenman\/20170321_151324.jpg\" alt=\"http:\/\/esbike.org\/images\/icerikphoto\/esbiketarihi\/2017\/21032017saricakayantrenman\/20170321_151324.jpg\" \/><\/p>\n<p style=\"text-align: center;\"><img decoding=\"async\" src=\"http:\/\/esbike.org\/images\/icerikphoto\/esbiketarihi\/2017\/21032017saricakayantrenman\/20170321_151331.jpg\" alt=\"http:\/\/esbike.org\/images\/icerikphoto\/esbiketarihi\/2017\/21032017saricakayantrenman\/20170321_151331.jpg\" \/><\/p>\n<p style=\"text-align: center;\">\n","protected":false},"excerpt":{"rendered":"<p>Sar\u0131cakaya Antrenman\u0131m\u0131z 120km olarak ger\u00e7ekle\u015fti<\/p>\n","protected":false},"author":1,"featured_media":0,"comment_status":"open","ping_status":"open","sticky":false,"template":"","format":"standard","meta":{"footnotes":""},"categories":[3,9],"tags":[],"class_list":["post-1099","post","type-post","status-publish","format-standard","hentry","category-bisikletetkinlikleri","category-esbiketarihi"],"_links":{"self":[{"href":"http:\/\/www.esbike.org\/index.php\/wp-json\/wp\/v2\/posts\/1099","targetHints":{"allow":["GET"]}}],"collection":[{"href":"http:\/\/www.esbike.org\/index.php\/wp-json\/wp\/v2\/posts"}],"about":[{"href":"http:\/\/www.esbike.org\/index.php\/wp-json\/wp\/v2\/types\/post"}],"author":[{"embeddable":true,"href":"http:\/\/www.esbike.org\/index.php\/wp-json\/wp\/v2\/users\/1"}],"replies":[{"embeddable":true,"href":"http:\/\/www.esbike.org\/index.php\/wp-json\/wp\/v2\/comments?post=1099"}],"version-history":[{"count":0,"href":"http:\/\/www.esbike.org\/index.php\/wp-json\/wp\/v2\/posts\/1099\/revisions"}],"wp:attachment":[{"href":"http:\/\/www.esbike.org\/index.php\/wp-json\/wp\/v2\/media?parent=1099"}],"wp:term":[{"taxonomy":"category","embeddable":true,"href":"http:\/\/www.esbike.org\/index.php\/wp-json\/wp\/v2\/categories?post=1099"},{"taxonomy":"post_tag","embeddable":true,"href":"http:\/\/www.esbike.org\/index.php\/wp-json\/wp\/v2\/tags?post=1099"}],"curies":[{"name":"wp","href":"https:\/\/api.w.org\/{rel}","templated":true}]}}