{"id":1071,"date":"2017-08-10T23:26:41","date_gmt":"2017-08-10T20:26:41","guid":{"rendered":"http:\/\/www.esbike.org\/?p=1071"},"modified":"2017-08-10T23:26:41","modified_gmt":"2017-08-10T20:26:41","slug":"sut-turlari-devam-ediyor","status":"publish","type":"post","link":"http:\/\/www.esbike.org\/index.php\/2017\/08\/10\/sut-turlari-devam-ediyor\/","title":{"rendered":"S\u00fct Turlar\u0131 Devam Ediyor"},"content":{"rendered":"<p style=\"text-align: center;\"><img decoding=\"async\" src=\"http:\/\/esbike.org\/images\/haberphoto\/k1sut.jpg\" alt=\"http:\/\/esbike.org\/images\/haberphoto\/k1sut.jpg\" \/><\/p>\n<p style=\"text-align: center;\">\n<p style=\"text-align: center;\">T\u00fcrkiye&#8217;nin ilk Sosyal Projelerinden biri olma \u00f6zelli\u011fine sahip Esbike S\u00fct Bisiklet Turlar\u0131 7&#8217;den 70&#8217;e kat\u0131l\u0131mc\u0131n\u0131n deste\u011fiyle co\u015fkuyla s\u00fcr\u00fcyor.Sal\u0131 \u00c7ar\u015famba ve Per\u015fembe g\u00fcnleri Saat:20:00&#8217;de Dedekorkut Park\u0131ndan hareket eden bisikletliler profesyonel antren\u00f6rler ve ara\u00e7 eskordu e\u015fli\u011finde yak\u0131n \u00e7evrede yer alan k\u00f6ylere pedall\u0131yorlar ve burada k\u00f6yl\u00fclerin haz\u0131rlad\u0131\u011f\u0131 s\u00fct\u00fc taze taze i\u00e7ip \u015fehire dinlenmi\u015f bir \u015fekilde d\u00f6n\u00fcyorlar.Etkinliklerimize dileyen herkes kask ve \u0131\u015f\u0131klar\u0131n\u0131 edinerek gelebilir.Ayr\u0131ca sayfam\u0131zda yer alan <a href=\"https:\/\/docs.google.com\/forms\/d\/e\/1FAIpQLSdOP4JDmRCEda7ZwRe6IDGhbbT-1QS50wg8mYlOTlUYsOLuWg\/viewform\">Kat\u0131l\u0131m Formu<\/a>&#8216;nu doldurmalar\u0131 gerekmekte t\u00fcm Eski\u015fehir halk\u0131 davetlidir.<\/p>\n<p style=\"text-align: center;\"><img loading=\"lazy\" decoding=\"async\" class=\"shrinkToFit\" src=\"http:\/\/esbike.org\/images\/haberphoto\/20170726_202122.jpg\" alt=\"http:\/\/esbike.org\/images\/haberphoto\/20170726_202122.jpg\" width=\"555\" height=\"416\" \/><\/p>\n","protected":false},"excerpt":{"rendered":"<p>T\u00fcrkiye&#8217;nin ilk Sosyal Projelerinden biri olma \u00f6zelli\u011fine sahip Esbike S\u00fct Bisiklet Turlar\u0131 7&#8217;den 70&#8217;e kat\u0131l\u0131mc\u0131n\u0131n deste\u011fiyle co\u015fkuyla s\u00fcr\u00fcyor.Sal\u0131 \u00c7ar\u015famba ve Per\u015fembe g\u00fcnleri Saat:20:00&#8217;de Dedekorkut Park\u0131ndan hareket eden bisikletliler profesyonel antren\u00f6rler ve ara\u00e7 eskordu e\u015fli\u011finde yak\u0131n \u00e7evrede yer alan k\u00f6ylere pedall\u0131yorlar ve burada k\u00f6yl\u00fclerin haz\u0131rlad\u0131\u011f\u0131 s\u00fct\u00fc taze taze i\u00e7ip \u015fehire dinlenmi\u015f bir \u015fekilde d\u00f6n\u00fcyorlar.Etkinliklerimize dileyen herkes kask ve \u0131\u015f\u0131klar\u0131n\u0131 edinerek gelebilir.Ayr\u0131ca<\/p>\n","protected":false},"author":1,"featured_media":0,"comment_status":"open","ping_status":"open","sticky":false,"template":"","format":"standard","meta":{"footnotes":""},"categories":[3,9],"tags":[],"class_list":["post-1071","post","type-post","status-publish","format-standard","hentry","category-bisikletetkinlikleri","category-esbiketarihi"],"_links":{"self":[{"href":"http:\/\/www.esbike.org\/index.php\/wp-json\/wp\/v2\/posts\/1071","targetHints":{"allow":["GET"]}}],"collection":[{"href":"http:\/\/www.esbike.org\/index.php\/wp-json\/wp\/v2\/posts"}],"about":[{"href":"http:\/\/www.esbike.org\/index.php\/wp-json\/wp\/v2\/types\/post"}],"author":[{"embeddable":true,"href":"http:\/\/www.esbike.org\/index.php\/wp-json\/wp\/v2\/users\/1"}],"replies":[{"embeddable":true,"href":"http:\/\/www.esbike.org\/index.php\/wp-json\/wp\/v2\/comments?post=1071"}],"version-history":[{"count":0,"href":"http:\/\/www.esbike.org\/index.php\/wp-json\/wp\/v2\/posts\/1071\/revisions"}],"wp:attachment":[{"href":"http:\/\/www.esbike.org\/index.php\/wp-json\/wp\/v2\/media?parent=1071"}],"wp:term":[{"taxonomy":"category","embeddable":true,"href":"http:\/\/www.esbike.org\/index.php\/wp-json\/wp\/v2\/categories?post=1071"},{"taxonomy":"post_tag","embeddable":true,"href":"http:\/\/www.esbike.org\/index.php\/wp-json\/wp\/v2\/tags?post=1071"}],"curies":[{"name":"wp","href":"https:\/\/api.w.org\/{rel}","templated":true}]}}