{"id":1069,"date":"2017-08-10T23:24:24","date_gmt":"2017-08-10T20:24:24","guid":{"rendered":"http:\/\/www.esbike.org\/?p=1069"},"modified":"2017-08-10T23:24:24","modified_gmt":"2017-08-10T20:24:24","slug":"esbikeye-bekir-bozdogandan-tesekkur-10-08-2017","status":"publish","type":"post","link":"http:\/\/www.esbike.org\/index.php\/2017\/08\/10\/esbikeye-bekir-bozdogandan-tesekkur-10-08-2017\/","title":{"rendered":"Esbike&#8217;ye Bekir Bozdogan&#8217;dan Te\u015fekk\u00fcr 10.08.2017"},"content":{"rendered":"<p style=\"text-align: center;\"><img loading=\"lazy\" decoding=\"async\" class=\"\" src=\"http:\/\/esbike.org\/images\/haberphoto\/hbb2.jpg\" alt=\"http:\/\/esbike.org\/images\/haberphoto\/hbb2.jpg\" width=\"492\" height=\"301\" \/><\/p>\n<p style=\"text-align: center;\">Ba\u015fbakan yard\u0131mc\u0131s\u0131 Bekir Bozdogan Yozgat&#8217;ta ger\u00e7ekle\u015fen Da\u011f Bisikleti yar\u0131\u015fmas\u0131nda dereceye giren Esbike sporcular\u0131 Eda ve G\u00f6kay Konuk&#8217;a te\u015fekk\u00fcr etti ayr\u0131ca Eski\u015fehir&#8217;e selamlar\u0131n\u0131 iletti.<\/p>\n","protected":false},"excerpt":{"rendered":"<p>Ba\u015fbakan yard\u0131mc\u0131s\u0131 Bekir Bozdogan Yozgat&#8217;ta ger\u00e7ekle\u015fen Da\u011f Bisikleti yar\u0131\u015fmas\u0131nda dereceye giren Esbike sporcular\u0131 Eda ve G\u00f6kay Konuk&#8217;a te\u015fekk\u00fcr etti ayr\u0131ca Eski\u015fehir&#8217;e selamlar\u0131n\u0131 iletti.<\/p>\n","protected":false},"author":1,"featured_media":0,"comment_status":"open","ping_status":"open","sticky":false,"template":"","format":"standard","meta":{"footnotes":""},"categories":[3,9],"tags":[41,47,84,146,213,220],"class_list":["post-1069","post","type-post","status-publish","format-standard","hentry","category-bisikletetkinlikleri","category-esbiketarihi","tag-bekirbozdag","tag-bisiklet","tag-esbike","tag-mtb","tag-yarisi","tag-yozgat"],"_links":{"self":[{"href":"http:\/\/www.esbike.org\/index.php\/wp-json\/wp\/v2\/posts\/1069","targetHints":{"allow":["GET"]}}],"collection":[{"href":"http:\/\/www.esbike.org\/index.php\/wp-json\/wp\/v2\/posts"}],"about":[{"href":"http:\/\/www.esbike.org\/index.php\/wp-json\/wp\/v2\/types\/post"}],"author":[{"embeddable":true,"href":"http:\/\/www.esbike.org\/index.php\/wp-json\/wp\/v2\/users\/1"}],"replies":[{"embeddable":true,"href":"http:\/\/www.esbike.org\/index.php\/wp-json\/wp\/v2\/comments?post=1069"}],"version-history":[{"count":0,"href":"http:\/\/www.esbike.org\/index.php\/wp-json\/wp\/v2\/posts\/1069\/revisions"}],"wp:attachment":[{"href":"http:\/\/www.esbike.org\/index.php\/wp-json\/wp\/v2\/media?parent=1069"}],"wp:term":[{"taxonomy":"category","embeddable":true,"href":"http:\/\/www.esbike.org\/index.php\/wp-json\/wp\/v2\/categories?post=1069"},{"taxonomy":"post_tag","embeddable":true,"href":"http:\/\/www.esbike.org\/index.php\/wp-json\/wp\/v2\/tags?post=1069"}],"curies":[{"name":"wp","href":"https:\/\/api.w.org\/{rel}","templated":true}]}}