{"id":106,"date":"2005-04-04T20:28:42","date_gmt":"2005-04-04T17:28:42","guid":{"rendered":"http:\/\/www.esbike.org\/?p=106"},"modified":"2005-04-04T20:28:42","modified_gmt":"2005-04-04T17:28:42","slug":"04-04-2005-3-adana-dag-bisikleti-kupasi","status":"publish","type":"post","link":"http:\/\/www.esbike.org\/index.php\/2005\/04\/04\/04-04-2005-3-adana-dag-bisikleti-kupasi\/","title":{"rendered":"04.04.2005 3.Adana Da\u011f Bisikleti Kupas\u0131"},"content":{"rendered":"<p style=\"text-align: center;\"><span style=\"font-size: 14px;\"><strong>04.04.2005 3.Adana Da\u011f Bisikleti Yar\u0131\u015f\u0131<\/strong><\/span><\/p>\n<hr \/>\n<p style=\"text-align: center;\"><img decoding=\"async\" src=\"http:\/\/esbike.org\/images\/icerikphoto\/esbiketarihi\/2005\/04.04.2005adanayarisi3\/output\/adana%20105.jpg\" \/><\/p>\n<p style=\"text-align: center;\">Adana Da\u011f Bisikleti Yar\u0131\u015f\u0131 Esbike i\u00e7in d\u00fczenli yar\u0131\u015flara kat\u0131lma ba\u015flang\u0131c\u0131 diyebiliriz.Bu yar\u0131\u015fla beraber d\u00fczenli olarak Federasyon takvimini g\u00fcn\u00fcm\u00fcze kadar takip ettik.<\/p>\n<p style=\"text-align: center;\"><img decoding=\"async\" src=\"http:\/\/esbike.org\/images\/icerikphoto\/esbiketarihi\/2005\/04.04.2005adanayarisi3\/output\/adana%20057.jpg\" \/><\/p>\n<p style=\"text-align: center;\">Adana yar\u0131\u015f\u0131na ekibimizi ayarlad\u0131k ve \u00e7ad\u0131rlar\u0131 t\u00fcpleri kamp malzemelerini s\u0131rtlanarak yollara d\u00fc\u015ft\u00fck.Adanada \u00d6\u011frenci yurdunda kald\u0131k.Tekerimizi g\u00f6lde tamir ettik.<\/p>\n<p style=\"text-align: center;\"><img decoding=\"async\" src=\"http:\/\/esbike.org\/images\/icerikphoto\/esbiketarihi\/2005\/04.04.2005adanayarisi3\/output\/adana%20062.jpg\" \/><\/p>\n<p style=\"text-align: center;\"><img decoding=\"async\" src=\"http:\/\/esbike.org\/images\/icerikphoto\/esbiketarihi\/2005\/04.04.2005adanayarisi3\/output\/adana%20148.jpg\" \/><\/p>\n<p style=\"text-align: center;\">Tam ekipmanl\u0131 de\u011fildik ozamanlar malzemeler \u015fimdiki gibi heryerde bulunmuyordu ve \u00e7ok azd\u0131.Ondan k\u0131s\u0131tl\u0131 imkanlarla yar\u0131\u015flara giriyorduk.Bisiklete bi\u015fey oldu\u011fu zaman yedek malzeme yoksa ba\u015far\u0131da ask\u0131da kal\u0131yordu neyseki gitti\u011fimiz her yar\u0131\u015ftan ba\u015far\u0131yla d\u00f6nmeyi bildik.<\/p>\n<p style=\"text-align: center;\">\n<p style=\"text-align: center;\"><img decoding=\"async\" src=\"http:\/\/esbike.org\/images\/icerikphoto\/esbiketarihi\/2005\/04.04.2005adanayarisi3\/output\/adana%20162.jpg\" \/><\/p>\n<p style=\"text-align: center;\">\n<p style=\"text-align: center;\">\n<p style=\"text-align: center;\">\n<p style=\"text-align: center;\">\n<p style=\"text-align: center;\">\n<p>&nbsp;<\/p>\n<p><img loading=\"lazy\" decoding=\"async\" class=\"aligncenter size-full wp-image-107\" src=\"http:\/\/www.esbike.org\/wp-content\/uploads\/2018\/04\/adana-057.jpg\" alt=\"\" width=\"600\" height=\"466\" \/> <img loading=\"lazy\" decoding=\"async\" class=\"aligncenter size-full wp-image-108\" src=\"http:\/\/www.esbike.org\/wp-content\/uploads\/2018\/04\/adana-062.jpg\" alt=\"\" width=\"600\" height=\"466\" \/> <img loading=\"lazy\" decoding=\"async\" class=\"aligncenter size-full wp-image-109\" src=\"http:\/\/www.esbike.org\/wp-content\/uploads\/2018\/04\/adana-105.jpg\" alt=\"\" width=\"600\" height=\"466\" \/> <img loading=\"lazy\" decoding=\"async\" class=\"aligncenter size-full wp-image-110\" src=\"http:\/\/www.esbike.org\/wp-content\/uploads\/2018\/04\/adana-148.jpg\" alt=\"\" width=\"600\" height=\"466\" \/> <img loading=\"lazy\" decoding=\"async\" class=\"aligncenter size-full wp-image-111\" src=\"http:\/\/www.esbike.org\/wp-content\/uploads\/2018\/04\/adana-162.jpg\" alt=\"\" width=\"600\" height=\"466\" \/><\/p>\n","protected":false},"excerpt":{"rendered":"<p>04.04.2005 3.Adana Da\u011f Bisikleti Yar\u0131\u015f\u0131 Adana Da\u011f Bisikleti Yar\u0131\u015f\u0131 Esbike i\u00e7in d\u00fczenli yar\u0131\u015flara kat\u0131lma ba\u015flang\u0131c\u0131 diyebiliriz.Bu yar\u0131\u015fla beraber d\u00fczenli olarak Federasyon takvimini g\u00fcn\u00fcm\u00fcze kadar takip ettik. Adana yar\u0131\u015f\u0131na ekibimizi ayarlad\u0131k ve \u00e7ad\u0131rlar\u0131 t\u00fcpleri kamp malzemelerini s\u0131rtlanarak yollara d\u00fc\u015ft\u00fck.Adanada \u00d6\u011frenci yurdunda kald\u0131k.Tekerimizi g\u00f6lde tamir ettik. Tam ekipmanl\u0131 de\u011fildik ozamanlar malzemeler \u015fimdiki gibi heryerde bulunmuyordu ve \u00e7ok azd\u0131.Ondan k\u0131s\u0131tl\u0131 imkanlarla yar\u0131\u015flara giriyorduk.Bisiklete<\/p>\n","protected":false},"author":1,"featured_media":0,"comment_status":"open","ping_status":"open","sticky":false,"template":"","format":"standard","meta":{"footnotes":""},"categories":[9],"tags":[18,47,66,72,214],"class_list":["post-106","post","type-post","status-publish","format-standard","hentry","category-esbiketarihi","tag-adana","tag-bisiklet","tag-dag","tag-dilberlersekisi","tag-yaris"],"_links":{"self":[{"href":"http:\/\/www.esbike.org\/index.php\/wp-json\/wp\/v2\/posts\/106","targetHints":{"allow":["GET"]}}],"collection":[{"href":"http:\/\/www.esbike.org\/index.php\/wp-json\/wp\/v2\/posts"}],"about":[{"href":"http:\/\/www.esbike.org\/index.php\/wp-json\/wp\/v2\/types\/post"}],"author":[{"embeddable":true,"href":"http:\/\/www.esbike.org\/index.php\/wp-json\/wp\/v2\/users\/1"}],"replies":[{"embeddable":true,"href":"http:\/\/www.esbike.org\/index.php\/wp-json\/wp\/v2\/comments?post=106"}],"version-history":[{"count":0,"href":"http:\/\/www.esbike.org\/index.php\/wp-json\/wp\/v2\/posts\/106\/revisions"}],"wp:attachment":[{"href":"http:\/\/www.esbike.org\/index.php\/wp-json\/wp\/v2\/media?parent=106"}],"wp:term":[{"taxonomy":"category","embeddable":true,"href":"http:\/\/www.esbike.org\/index.php\/wp-json\/wp\/v2\/categories?post=106"},{"taxonomy":"post_tag","embeddable":true,"href":"http:\/\/www.esbike.org\/index.php\/wp-json\/wp\/v2\/tags?post=106"}],"curies":[{"name":"wp","href":"https:\/\/api.w.org\/{rel}","templated":true}]}}