{"id":1021,"date":"2016-06-04T23:08:13","date_gmt":"2016-06-04T20:08:13","guid":{"rendered":"http:\/\/www.esbike.org\/?p=1021"},"modified":"2016-06-04T23:08:13","modified_gmt":"2016-06-04T20:08:13","slug":"04-06-2016-manisa-dag-bisikleti-yarisi","status":"publish","type":"post","link":"http:\/\/www.esbike.org\/index.php\/2016\/06\/04\/04-06-2016-manisa-dag-bisikleti-yarisi\/","title":{"rendered":"04.06.2016 Manisa Da\u011f Bisikleti Yar\u0131\u015f\u0131"},"content":{"rendered":"<p style=\"text-align: center;\"><span style=\"font-size: 14px;\"><strong>04.06.2016 Manisa Da\u011f Bisikleti Yar\u0131\u015f\u0131<\/strong><\/span><\/p>\n<hr \/>\n<p style=\"text-align: center;\">\n<p style=\"text-align: center;\"><img decoding=\"async\" src=\"http:\/\/esbike.org\/images\/icerikphoto\/esbiketarihi\/2016\/04062016manisa\/output\/efekli33.jpg\" \/><\/p>\n<p style=\"text-align: center;\"><img decoding=\"async\" src=\"http:\/\/esbike.org\/images\/icerikphoto\/esbiketarihi\/2016\/04062016manisa\/output\/20160604_111225.jpg\" \/><\/p>\n<p style=\"text-align: center;\"><img decoding=\"async\" src=\"http:\/\/esbike.org\/images\/icerikphoto\/esbiketarihi\/2016\/04062016manisa\/output\/20160604_131737.jpg\" \/><\/p>\n<p style=\"text-align: center;\"><img decoding=\"async\" src=\"http:\/\/esbike.org\/images\/icerikphoto\/esbiketarihi\/2016\/04062016manisa\/output\/20160604_185931.jpg\" \/><\/p>\n<p style=\"text-align: center;\"><img decoding=\"async\" src=\"http:\/\/esbike.org\/images\/icerikphoto\/esbiketarihi\/2016\/04062016manisa\/output\/20160605_110153.jpg\" \/><\/p>\n<p style=\"text-align: center;\"><img decoding=\"async\" src=\"http:\/\/esbike.org\/images\/icerikphoto\/esbiketarihi\/2016\/04062016manisa\/output\/20160605_110634.jpg\" \/><\/p>\n<p style=\"text-align: center;\"><img decoding=\"async\" src=\"http:\/\/esbike.org\/images\/icerikphoto\/esbiketarihi\/2016\/04062016manisa\/output\/20160605_130108.jpg\" \/><\/p>\n<p style=\"text-align: center;\"><img decoding=\"async\" src=\"http:\/\/esbike.org\/images\/icerikphoto\/esbiketarihi\/2016\/04062016manisa\/output\/20160605_132224(0).jpg\" \/><\/p>\n<p style=\"text-align: center;\"><img decoding=\"async\" src=\"http:\/\/esbike.org\/images\/icerikphoto\/esbiketarihi\/2016\/04062016manisa\/output\/20160605_154125.jpg\" \/><\/p>\n<p style=\"text-align: center;\"><img decoding=\"async\" src=\"http:\/\/esbike.org\/images\/icerikphoto\/esbiketarihi\/2016\/04062016manisa\/output\/20160605_154158.jpg\" \/><\/p>\n<p style=\"text-align: center;\"><img decoding=\"async\" src=\"http:\/\/esbike.org\/images\/icerikphoto\/esbiketarihi\/2016\/04062016manisa\/output\/20160605_154512.jpg\" \/><\/p>\n<p style=\"text-align: center;\"><img decoding=\"async\" src=\"http:\/\/esbike.org\/images\/icerikphoto\/esbiketarihi\/2016\/04062016manisa\/output\/20160605_155015.jpg\" \/><\/p>\n","protected":false},"excerpt":{"rendered":"<p>04.06.2016 Manisa Da\u011f Bisikleti Yar\u0131\u015f\u0131<\/p>\n","protected":false},"author":1,"featured_media":0,"comment_status":"open","ping_status":"open","sticky":false,"template":"","format":"standard","meta":{"footnotes":""},"categories":[3,9],"tags":[],"class_list":["post-1021","post","type-post","status-publish","format-standard","hentry","category-bisikletetkinlikleri","category-esbiketarihi"],"_links":{"self":[{"href":"http:\/\/www.esbike.org\/index.php\/wp-json\/wp\/v2\/posts\/1021","targetHints":{"allow":["GET"]}}],"collection":[{"href":"http:\/\/www.esbike.org\/index.php\/wp-json\/wp\/v2\/posts"}],"about":[{"href":"http:\/\/www.esbike.org\/index.php\/wp-json\/wp\/v2\/types\/post"}],"author":[{"embeddable":true,"href":"http:\/\/www.esbike.org\/index.php\/wp-json\/wp\/v2\/users\/1"}],"replies":[{"embeddable":true,"href":"http:\/\/www.esbike.org\/index.php\/wp-json\/wp\/v2\/comments?post=1021"}],"version-history":[{"count":0,"href":"http:\/\/www.esbike.org\/index.php\/wp-json\/wp\/v2\/posts\/1021\/revisions"}],"wp:attachment":[{"href":"http:\/\/www.esbike.org\/index.php\/wp-json\/wp\/v2\/media?parent=1021"}],"wp:term":[{"taxonomy":"category","embeddable":true,"href":"http:\/\/www.esbike.org\/index.php\/wp-json\/wp\/v2\/categories?post=1021"},{"taxonomy":"post_tag","embeddable":true,"href":"http:\/\/www.esbike.org\/index.php\/wp-json\/wp\/v2\/tags?post=1021"}],"curies":[{"name":"wp","href":"https:\/\/api.w.org\/{rel}","templated":true}]}}