{"id":1007,"date":"2017-02-19T23:04:08","date_gmt":"2017-02-19T20:04:08","guid":{"rendered":"http:\/\/www.esbike.org\/?p=1007"},"modified":"2018-12-18T21:50:41","modified_gmt":"2018-12-18T18:50:41","slug":"19-02-2017-dostum-trekking-etkinligi","status":"publish","type":"post","link":"http:\/\/www.esbike.org\/index.php\/2017\/02\/19\/19-02-2017-dostum-trekking-etkinligi\/","title":{"rendered":"19.02.2017 Dostum Trekking Etkinli\u011fi"},"content":{"rendered":"\n<center><a data-flickr-embed=\"true\"  href=\"https:\/\/www.flickr.com\/photos\/65414611@N03\/albums\/72157703301770891\" title=\"19022017 Dostum Trekking\"><img loading=\"lazy\" decoding=\"async\" src=\"https:\/\/farm5.staticflickr.com\/4910\/45458200735_ce85e20e08.jpg\" width=\"500\" height=\"281\" alt=\"19022017 Dostum Trekking\"><\/a><script async src=\"\/\/embedr.flickr.com\/assets\/client-code.js\" charset=\"utf-8\"><\/script><\/center>\n\n\n<p style=\"text-align: center;\"><span style=\"font-size: 14px;\"><strong>19.02.2017 Dostum Trekking Etkinli\u011fi<\/strong><\/span><\/p>\n<hr \/>\n<p><span style=\"color: #000000; font-family: Calibri; font-size: medium;\">Hafta sonlar\u0131n\u0131 dolu dolu ge\u00e7iren Eski\u015fehir Do\u011fa Aktiviteleri Grubu ayn\u0131 zamanda bu etkinlikleri \u00e7evre illerde de d\u00fczenlemekte.Bu hafta sonu DOSTUM projesi kapsam\u0131nda \u0130neg\u00f6l Belediyesinin d\u00fczenlemi\u015f oldu\u011fu trekking etkinli\u011fine D\u00fc\u015f Gezginleri grubu ile 70\u2019e yak\u0131n kalabal\u0131k bir kat\u0131l\u0131m sa\u011flad\u0131k.<\/span><\/p>\n<p><span style=\"color: #000000; font-family: Calibri; font-size: medium;\">\u0130neg\u00f6l\u2019e gitmek i\u00e7in hava ayd\u0131nlanmadan saat:06:30\u2019da hareket ettik.Osmangazi \u00dcniversitesi T\u0131p Fak\u00fcltesi \u00f6\u011frencilerinden olu\u015fan14 ki\u015filik doktor adaylar\u0131 grubumuzuda toplanma noktam\u0131za getirdik ve ekibi tamamlad\u0131k.<\/span><\/p>\n<p><span style=\"color: #000000; font-family: Calibri; font-size: medium;\">Sabah uyku rehavetiyle \u0130neg\u00f6le nas\u0131l geldi\u011fimizi anlamad\u0131k.Otob\u00fcslerimizden inip.Belediyenin sa\u011flam\u0131\u015f oldu\u011fu otob\u00fcslere ge\u00e7tik.Daha \u00f6nce organize etti\u011fimiz.Simit ve meyve suyu kahvalt\u0131 niyetine iyi geldi ve yola \u00e7\u0131kt\u0131k.25km\u2019lik rampal\u0131 ve virajl\u0131 yol biraz bizi yordu.Ancak yemye\u015fil do\u011fa ve karl\u0131 manzaralar uykumuzu a\u00e7t\u0131.<\/span><\/p>\n<p><span style=\"color: #000000; font-family: Calibri; font-size: medium;\">150 ki\u015filik kalabal\u0131k bir kat\u0131l\u0131mc\u0131 grubu ile y\u00fcr\u00fcy\u00fc\u015f\u00fcm\u00fcze ba\u015flad\u0131k.Gruplar\u0131 ay\u0131rmad\u0131k tek bir grupla y\u00fcr\u00fcy\u00fc\u015fe ba\u015flad\u0131k.Kar yer yer diz boyu seviyedeydi ve 10km\u2019ye yak\u0131n rampa t\u0131rmand\u0131k.Grupta her ya\u015ftan kat\u0131l\u0131mc\u0131 vard\u0131.En ya\u015fl\u0131m\u0131z 71 ya\u015f\u0131nda Ahmet \u0130\u015fyapar idi.<\/span><\/p>\n<p><span style=\"color: #000000; font-family: Calibri; font-size: medium;\">Manzaralar g\u00fczeldi ancak grup hayli h\u0131zl\u0131 ilerliyordu biz bug\u00fcne kadar yapt\u0131\u011f\u0131m\u0131 etkinliklerde gruba bu h\u0131zda bir tempo hi\u00e7 yapmad\u0131k.Herkes kapasitesini zorluyor.D\u00fc\u015fe kalka rampay\u0131 \u00e7\u0131kmaya \u00e7al\u0131\u015f\u0131yordu.Mola verdi\u011fimiz zaman mola yok diye art\u00e7\u0131 arkadan uyar\u0131 yap\u0131yordu.Biz i\u015fte bir terslik oldu\u011funu sezinledik ama misafir oldu\u011fumuz i\u00e7in organizasyoa uyduk.Sonra tek s\u0131ra diretmesi \u00e7\u0131kt\u0131 karda tek s\u0131ra gidilerek en \u00f6nde gidenin ayak izine basarak y\u00fcr\u00fcmek arkadan gelenlere avantaj sa\u011flar ama kar yumu\u015fak oldu\u011fu i\u00e7in ayaklar\u0131 burkulanlar ve zorlananlar oldu\u011fu i\u00e7in yanlardan y\u00fcr\u00fcmeye ba\u015flad\u0131k.Grupta okadar \u00e7ok lider var ki herkes kendine g\u00f6re bir uyar\u0131 yap\u0131yordu.Biz hepsine uymaya \u00e7al\u0131\u015ft\u0131k ama bakt\u0131k molalar \u00e7ok k\u0131sa ve anlams\u0131z kendimiz mola vererek y\u00fckselen nab\u0131zlar\u0131m\u0131z\u0131 d\u00fc\u015f\u00fcrmeye \u00e7al\u0131\u015ft\u0131k.Ekipman s\u0131k\u0131nt\u0131s\u0131 olan arkada\u015flar ayaklar\u0131na po\u015fet giyerek kardan korunmaya \u00e7al\u0131\u015ft\u0131.Parkur ilk defa do\u011fa y\u00fcr\u00fcy\u00fc\u015f\u00fcne kat\u0131lanlar i\u00e7in olduk\u00e7a zorlu ve bezdiriciydi.<\/span><\/p>\n<p><span style=\"color: #000000; font-family: Calibri; font-size: medium;\">Rampalar bitip yaylaya geldi\u011fimizde kar alt\u0131nda kalm\u0131\u015f yayla evlerinden birine misafir olarak \u00e7evresinde g\u0131da molas\u0131 verdik hava esiyordu ve \u00e7ok terlemi\u015ftik.G\u0131da molas\u0131 i\u00e7in 1 saat ay\u0131rd\u0131lar.Ancak terimiz so\u011fudu\u011fu i\u00e7in hasta olacak derecede \u00fc\u015f\u00fcmeye ba\u015flad\u0131k bu nedenle gruplar halinde belirtilen y\u00f6ndeki rotaya gittik ancak arkadan kimse gelmiyordu.Liderler aras\u0131nda anla\u015fam\u0131yordu sorun vard\u0131.Eski\u015fehir ekibi olarak rotaya ba\u011fl\u0131 kalmadan grubumuzu a\u015fa\u011f\u0131ya indirebilecek bilgi ve tecr\u00fcbeye sahiptik ancak sayg\u0131s\u0131zl\u0131k olur diye dakikalarca grubun gelmesini bekledik.<\/span><\/p>","protected":false},"excerpt":{"rendered":"<p>19.02.2017 Dostum Trekking Etkinli\u011fi Hafta sonlar\u0131n\u0131 dolu dolu ge\u00e7iren Eski\u015fehir Do\u011fa Aktiviteleri Grubu ayn\u0131 zamanda bu etkinlikleri \u00e7evre illerde de d\u00fczenlemekte.Bu hafta sonu DOSTUM projesi kapsam\u0131nda \u0130neg\u00f6l Belediyesinin d\u00fczenlemi\u015f oldu\u011fu trekking etkinli\u011fine D\u00fc\u015f Gezginleri grubu ile 70\u2019e yak\u0131n kalabal\u0131k bir kat\u0131l\u0131m sa\u011flad\u0131k. \u0130neg\u00f6l\u2019e gitmek i\u00e7in hava ayd\u0131nlanmadan saat:06:30\u2019da hareket ettik.Osmangazi \u00dcniversitesi T\u0131p Fak\u00fcltesi \u00f6\u011frencilerinden olu\u015fan14 ki\u015filik doktor adaylar\u0131 grubumuzuda toplanma<\/p>\n","protected":false},"author":1,"featured_media":0,"comment_status":"open","ping_status":"open","sticky":false,"template":"","format":"standard","meta":{"footnotes":""},"categories":[6,9],"tags":[],"class_list":["post-1007","post","type-post","status-publish","format-standard","hentry","category-dogayuruyusu","category-esbiketarihi"],"_links":{"self":[{"href":"http:\/\/www.esbike.org\/index.php\/wp-json\/wp\/v2\/posts\/1007","targetHints":{"allow":["GET"]}}],"collection":[{"href":"http:\/\/www.esbike.org\/index.php\/wp-json\/wp\/v2\/posts"}],"about":[{"href":"http:\/\/www.esbike.org\/index.php\/wp-json\/wp\/v2\/types\/post"}],"author":[{"embeddable":true,"href":"http:\/\/www.esbike.org\/index.php\/wp-json\/wp\/v2\/users\/1"}],"replies":[{"embeddable":true,"href":"http:\/\/www.esbike.org\/index.php\/wp-json\/wp\/v2\/comments?post=1007"}],"version-history":[{"count":1,"href":"http:\/\/www.esbike.org\/index.php\/wp-json\/wp\/v2\/posts\/1007\/revisions"}],"predecessor-version":[{"id":1499,"href":"http:\/\/www.esbike.org\/index.php\/wp-json\/wp\/v2\/posts\/1007\/revisions\/1499"}],"wp:attachment":[{"href":"http:\/\/www.esbike.org\/index.php\/wp-json\/wp\/v2\/media?parent=1007"}],"wp:term":[{"taxonomy":"category","embeddable":true,"href":"http:\/\/www.esbike.org\/index.php\/wp-json\/wp\/v2\/categories?post=1007"},{"taxonomy":"post_tag","embeddable":true,"href":"http:\/\/www.esbike.org\/index.php\/wp-json\/wp\/v2\/tags?post=1007"}],"curies":[{"name":"wp","href":"https:\/\/api.w.org\/{rel}","templated":true}]}}